{"id":99743,"date":"2023-07-11T10:04:15","date_gmt":"2023-07-11T14:04:15","guid":{"rendered":"https:\/\/www.campogrande.ms.gov.br\/cgnoticias\/?post_type=sec-noticias&#038;p=99743"},"modified":"2023-07-11T10:04:15","modified_gmt":"2023-07-11T14:04:15","slug":"doacao-de-mudas-garante-verduras-fresquinhas-na-alimentacao-do-instituto-misericordes","status":"publish","type":"sec-noticias","link":"https:\/\/www.campogrande.ms.gov.br\/cgnoticias\/noticia\/doacao-de-mudas-garante-verduras-fresquinhas-na-alimentacao-do-instituto-misericordes\/","title":{"rendered":"Doa\u00e7\u00e3o de mudas garante verduras fresquinhas na alimenta\u00e7\u00e3o do Instituto Misericordes"},"content":{"rendered":"<p>Verduras fresquinhas colhidas diretamente da horta. \u00c9 assim que o Instituto Misericordes tem garantido que a alimenta\u00e7\u00e3o das cerca de 60 crian\u00e7as que participam do projeto educacional seja variada e com gostinho de quero mais. Atrav\u00e9s da parceria da Prefeitura de Campo Grande, por meio da Secretaria Municipal de Inova\u00e7\u00e3o, Desenvolvimento Econ\u00f4mico e Agroneg\u00f3cio, foi desenvolvida uma horta na institui\u00e7\u00e3o, que garante as folhagens do almo\u00e7o das crian\u00e7as, e em \u00e9poca de boa colheita, tamb\u00e9m alimenta as fam\u00edlias dos estudantes.<\/p>\n<p><a href=\"https:\/\/www.campogrande.ms.gov.br\/cgnoticias\/noticias\/doacao-de-mudas-garante-verduras-fresquinhas-na-alimentacao-do-instituto-misericordes\/whatsapp-image-2023-07-05-at-14-22-21-1\/\" rel=\"attachment wp-att-99750\"><img fetchpriority=\"high\" decoding=\"async\" class=\"size-full wp-image-99750 aligncenter\" src=\"https:\/\/prefcg-repositorio.campogrande.ms.gov.br\/wp-cdn\/uploads\/sites\/3\/2023\/07\/WhatsApp-Image-2023-07-05-at-14.22.21-1.jpeg\" alt=\"\" width=\"768\" height=\"1024\" srcset=\"https:\/\/cdn.campogrande.ms.gov.br\/portal\/prod\/uploads\/sites\/3\/2023\/07\/WhatsApp-Image-2023-07-05-at-14.22.21-1.jpeg 768w, https:\/\/cdn.campogrande.ms.gov.br\/portal\/prod\/uploads\/sites\/3\/2023\/07\/WhatsApp-Image-2023-07-05-at-14.22.21-1-225x300.jpeg 225w\" sizes=\"(max-width: 768px) 100vw, 768px\" \/><\/a><br \/>\n\u201cHoje temos 6 canteiros com mais de 15 metros cada. Plantamos almeir\u00e3o, cebolinha, coentro, alface, couve e r\u00facula. Tem \u00e9poca que tem mais de uma folha, tem \u00e9poca que tem mais de outra. Quando colhemos bem fazemos kits com as folhagens para as fam\u00edlias, quando a horta est\u00e1 com a produ\u00e7\u00e3o menor fica s\u00f3 para o almo\u00e7o das crian\u00e7as\u201d, explica Adeliuza Silva de Ara\u00fajo, que \u00e9 respons\u00e1vel pela horta do Instituto Misericordes junto com a filha Jhennifer Ara\u00fajo Campos.<\/p>\n<p><a href=\"https:\/\/www.campogrande.ms.gov.br\/cgnoticias\/noticias\/doacao-de-mudas-garante-verduras-fresquinhas-na-alimentacao-do-instituto-misericordes\/whatsapp-image-2023-07-05-at-14-22-19-2\/\" rel=\"attachment wp-att-99747\"><img decoding=\"async\" class=\"size-full wp-image-99747 aligncenter\" src=\"https:\/\/prefcg-repositorio.campogrande.ms.gov.br\/wp-cdn\/uploads\/sites\/3\/2023\/07\/WhatsApp-Image-2023-07-05-at-14.22.19-2.jpeg\" alt=\"\" width=\"1200\" height=\"1600\" srcset=\"https:\/\/cdn.campogrande.ms.gov.br\/portal\/prod\/uploads\/sites\/3\/2023\/07\/WhatsApp-Image-2023-07-05-at-14.22.19-2.jpeg 1200w, https:\/\/cdn.campogrande.ms.gov.br\/portal\/prod\/uploads\/sites\/3\/2023\/07\/WhatsApp-Image-2023-07-05-at-14.22.19-2-225x300.jpeg 225w, https:\/\/cdn.campogrande.ms.gov.br\/portal\/prod\/uploads\/sites\/3\/2023\/07\/WhatsApp-Image-2023-07-05-at-14.22.19-2-768x1024.jpeg 768w, https:\/\/cdn.campogrande.ms.gov.br\/portal\/prod\/uploads\/sites\/3\/2023\/07\/WhatsApp-Image-2023-07-05-at-14.22.19-2-1152x1536.jpeg 1152w\" sizes=\"(max-width: 1200px) 100vw, 1200px\" \/><\/a><\/p>\n<p>O Instituto Misericordes \u00e9 uma Organiza\u00e7\u00e3o Religiosa, sem fins lucrativos, de car\u00e1ter beneficente. Eles atendem diariamente cerca de 60 fam\u00edlias, que vivem em situa\u00e7\u00e3o de vulnerabilidade social dos bairros Dom Ant\u00f4nio Barbosa, Parque do Sol, Jardim Teruel, Jardim Colorado e Parque do Lajeado. As crian\u00e7as s\u00e3o atendidas no contraturno escolar, no per\u00edodo da manh\u00e3, com atividades recreativas e educacionais.<\/p>\n<p><a href=\"https:\/\/www.campogrande.ms.gov.br\/cgnoticias\/noticias\/doacao-de-mudas-garante-verduras-fresquinhas-na-alimentacao-do-instituto-misericordes\/whatsapp-image-2023-07-05-at-14-22-18-1\/\" rel=\"attachment wp-att-99748\"><img decoding=\"async\" class=\"size-full wp-image-99748 aligncenter\" src=\"https:\/\/prefcg-repositorio.campogrande.ms.gov.br\/wp-cdn\/uploads\/sites\/3\/2023\/07\/WhatsApp-Image-2023-07-05-at-14.22.18-1.jpeg\" alt=\"\" width=\"1200\" height=\"1600\" srcset=\"https:\/\/cdn.campogrande.ms.gov.br\/portal\/prod\/uploads\/sites\/3\/2023\/07\/WhatsApp-Image-2023-07-05-at-14.22.18-1.jpeg 1200w, https:\/\/cdn.campogrande.ms.gov.br\/portal\/prod\/uploads\/sites\/3\/2023\/07\/WhatsApp-Image-2023-07-05-at-14.22.18-1-225x300.jpeg 225w, https:\/\/cdn.campogrande.ms.gov.br\/portal\/prod\/uploads\/sites\/3\/2023\/07\/WhatsApp-Image-2023-07-05-at-14.22.18-1-768x1024.jpeg 768w, https:\/\/cdn.campogrande.ms.gov.br\/portal\/prod\/uploads\/sites\/3\/2023\/07\/WhatsApp-Image-2023-07-05-at-14.22.18-1-1152x1536.jpeg 1152w\" sizes=\"(max-width: 1200px) 100vw, 1200px\" \/><\/a><\/p>\n<p>A horta \u00e9 um dos projetos desenvolvidos no instituto. \u201cCome\u00e7amos a fazer atividades aqui h\u00e1 cerca de dez anos, atendendo as crian\u00e7as das fam\u00edlias do antigo Lix\u00e3o. Desenvolvemos atividades de segunda a sexta \u2013 das 7h \u00e0s 11h. Uma dessas atividades s\u00e3o as oficinas educativas na horta, que al\u00e9m de ensinar sobre meio ambiente garante uma alimenta\u00e7\u00e3o saud\u00e1vel para eles\u201d, diz o padre redentorista Agenor Martins da Silva.<\/p>\n<p><a href=\"https:\/\/www.campogrande.ms.gov.br\/cgnoticias\/noticias\/doacao-de-mudas-garante-verduras-fresquinhas-na-alimentacao-do-instituto-misericordes\/whatsapp-image-2023-07-05-at-14-22-19\/\" rel=\"attachment wp-att-99746\"><img loading=\"lazy\" decoding=\"async\" class=\"size-full wp-image-99746 aligncenter\" src=\"https:\/\/prefcg-repositorio.campogrande.ms.gov.br\/wp-cdn\/uploads\/sites\/3\/2023\/07\/WhatsApp-Image-2023-07-05-at-14.22.19.jpeg\" alt=\"\" width=\"1200\" height=\"1600\" srcset=\"https:\/\/cdn.campogrande.ms.gov.br\/portal\/prod\/uploads\/sites\/3\/2023\/07\/WhatsApp-Image-2023-07-05-at-14.22.19.jpeg 1200w, https:\/\/cdn.campogrande.ms.gov.br\/portal\/prod\/uploads\/sites\/3\/2023\/07\/WhatsApp-Image-2023-07-05-at-14.22.19-225x300.jpeg 225w, https:\/\/cdn.campogrande.ms.gov.br\/portal\/prod\/uploads\/sites\/3\/2023\/07\/WhatsApp-Image-2023-07-05-at-14.22.19-768x1024.jpeg 768w, https:\/\/cdn.campogrande.ms.gov.br\/portal\/prod\/uploads\/sites\/3\/2023\/07\/WhatsApp-Image-2023-07-05-at-14.22.19-1152x1536.jpeg 1152w\" sizes=\"(max-width: 1200px) 100vw, 1200px\" \/><\/a><\/p>\n<p>Somente este ano, a Sidagro entregou 231 bandejas de mudas de variadas de hortali\u00e7as para cerca de 40 unidades, totalizando 46.200 mudas. No per\u00edodo de janeiro a junho de 2023 houve um crescimento total de 83,33% na quantidade de produtos distribu\u00eddos pela Superintend\u00eancia de Fomento ao Agroneg\u00f3cio, atrav\u00e9s da Ger\u00eancia de Fomento \u00e0 Assist\u00eancia T\u00e9cnica e Extens\u00e3o Rural e a Organiza\u00e7\u00e3o da Produ\u00e7\u00e3o Prim\u00e1ria.<\/p>\n<div><a href=\"https:\/\/www.campogrande.ms.gov.br\/cgnoticias\/noticias\/doacao-de-mudas-garante-verduras-fresquinhas-na-alimentacao-do-instituto-misericordes\/whatsapp-image-2023-07-05-at-14-22-22-1\/\" rel=\"attachment wp-att-99744\"><img loading=\"lazy\" decoding=\"async\" class=\"size-full wp-image-99744 aligncenter\" src=\"https:\/\/prefcg-repositorio.campogrande.ms.gov.br\/wp-cdn\/uploads\/sites\/3\/2023\/07\/WhatsApp-Image-2023-07-05-at-14.22.22-1.jpeg\" alt=\"\" width=\"1595\" height=\"1600\" srcset=\"https:\/\/cdn.campogrande.ms.gov.br\/portal\/prod\/uploads\/sites\/3\/2023\/07\/WhatsApp-Image-2023-07-05-at-14.22.22-1.jpeg 1595w, https:\/\/cdn.campogrande.ms.gov.br\/portal\/prod\/uploads\/sites\/3\/2023\/07\/WhatsApp-Image-2023-07-05-at-14.22.22-1-300x300.jpeg 300w, https:\/\/cdn.campogrande.ms.gov.br\/portal\/prod\/uploads\/sites\/3\/2023\/07\/WhatsApp-Image-2023-07-05-at-14.22.22-1-1021x1024.jpeg 1021w, https:\/\/cdn.campogrande.ms.gov.br\/portal\/prod\/uploads\/sites\/3\/2023\/07\/WhatsApp-Image-2023-07-05-at-14.22.22-1-150x150.jpeg 150w, https:\/\/cdn.campogrande.ms.gov.br\/portal\/prod\/uploads\/sites\/3\/2023\/07\/WhatsApp-Image-2023-07-05-at-14.22.22-1-768x770.jpeg 768w, https:\/\/cdn.campogrande.ms.gov.br\/portal\/prod\/uploads\/sites\/3\/2023\/07\/WhatsApp-Image-2023-07-05-at-14.22.22-1-1531x1536.jpeg 1531w\" sizes=\"(max-width: 1595px) 100vw, 1595px\" \/><\/a><\/div>\n<div><\/div>\n<div>&#8220;Um dos nossos objetivos com essa iniciativa \u00e9 ampliar a seguran\u00e7a alimentar e estimular h\u00e1bitos saud\u00e1veis de alimenta\u00e7\u00e3o, al\u00e9m de melhorar as oportunidades de ocupa\u00e7\u00e3o econ\u00f4mica, gera\u00e7\u00e3o de renda e apoiar a produ\u00e7\u00e3o agr\u00edcola urbana&#8221;, conclui o secret\u00e1rio municipal de Inova\u00e7\u00e3o, Desenvolvimento Econ\u00f4mico e Agroneg\u00f3cio,\u00a0Adelaido Vila.<\/div>\n<div>\nPara conhecer mais sobre o Instituto Misericordes acesse\u00a0<a href=\"https:\/\/www.institutomisericordes.org.br\/\" target=\"_blank\" rel=\"noopener\" data-saferedirecturl=\"https:\/\/www.google.com\/url?q=https:\/\/www.institutomisericordes.org.br\/&amp;source=gmail&amp;ust=1689168483350000&amp;usg=AOvVaw0-WP0m9mfTN7DYR_gLVle9\">https:\/\/www.institutomisericordes.org.br\/<\/a>\u00a0ou no Instagram pelo <a href=\"http:\/\/@instituto_Misericordes\">@instituto_Misericordes<\/a><\/div>\n","protected":false},"author":363,"featured_media":99751,"template":"","meta":{"custom_icon_class":"","footnotes":""},"categories":[129],"tags":[],"class_list":["post-99743","sec-noticias","type-sec-noticias","status-publish","has-post-thumbnail","hentry","category-seguranca-alimentar"],"acf":[],"_links":{"self":[{"href":"https:\/\/www.campogrande.ms.gov.br\/cgnoticias\/wp-json\/wp\/v2\/sec-noticias\/99743"}],"collection":[{"href":"https:\/\/www.campogrande.ms.gov.br\/cgnoticias\/wp-json\/wp\/v2\/sec-noticias"}],"about":[{"href":"https:\/\/www.campogrande.ms.gov.br\/cgnoticias\/wp-json\/wp\/v2\/types\/sec-noticias"}],"author":[{"embeddable":true,"href":"https:\/\/www.campogrande.ms.gov.br\/cgnoticias\/wp-json\/wp\/v2\/users\/363"}],"version-history":[{"count":0,"href":"https:\/\/www.campogrande.ms.gov.br\/cgnoticias\/wp-json\/wp\/v2\/sec-noticias\/99743\/revisions"}],"wp:featuredmedia":[{"embeddable":true,"href":"https:\/\/www.campogrande.ms.gov.br\/cgnoticias\/wp-json\/wp\/v2\/media\/99751"}],"wp:attachment":[{"href":"https:\/\/www.campogrande.ms.gov.br\/cgnoticias\/wp-json\/wp\/v2\/media?parent=99743"}],"wp:term":[{"taxonomy":"category","embeddable":true,"href":"https:\/\/www.campogrande.ms.gov.br\/cgnoticias\/wp-json\/wp\/v2\/categories?post=99743"},{"taxonomy":"post_tag","embeddable":true,"href":"https:\/\/www.campogrande.ms.gov.br\/cgnoticias\/wp-json\/wp\/v2\/tags?post=99743"}],"curies":[{"name":"wp","href":"https:\/\/api.w.org\/{rel}","templated":true}]}}