{"id":97807,"date":"2023-05-26T16:55:28","date_gmt":"2023-05-26T20:55:28","guid":{"rendered":"https:\/\/www.campogrande.ms.gov.br\/cgnoticias\/?post_type=sec-noticias&#038;p=97807"},"modified":"2023-05-29T11:01:47","modified_gmt":"2023-05-29T15:01:47","slug":"campo-grande-tem-a-melhor-saude-basica-do-centro-oeste-e-esta-entre-as-dez-mais-bem-avaliadas-do-pais","status":"publish","type":"sec-noticias","link":"https:\/\/www.campogrande.ms.gov.br\/cgnoticias\/noticia\/campo-grande-tem-a-melhor-saude-basica-do-centro-oeste-e-esta-entre-as-dez-mais-bem-avaliadas-do-pais\/","title":{"rendered":"Campo Grande tem a melhor sa\u00fade b\u00e1sica do Centro-Oeste e est\u00e1 entre as dez mais bem avaliadas do pa\u00eds"},"content":{"rendered":"<p>Campo Grande \u00e9 a capital do Centro-Oeste com melhor \u00edndice de indicadores da Aten\u00e7\u00e3o Prim\u00e1ria e est\u00e1 entre as dez mais bem avaliadas do pa\u00eds, conforme o ranking do programa Previne Brasil, do Minist\u00e9rio da Sa\u00fade, divulgado nesta semana. A avalia\u00e7\u00e3o \u00e9 feita a cada quadrimestre.<\/p>\n<p>Para a prefeita Adriane Lopes, o resultado reflete o compromisso da gest\u00e3o, dos servidores e toda a equipe da Secretaria Municipal de Sa\u00fade (Sesau) que se dedicam diuturnamente no atendimento \u00e0 popula\u00e7\u00e3o.<\/p>\n<p>&#8220;A sa\u00fade \u00e9 e sempre ser\u00e1 prioridade na nossa gest\u00e3o. Estamos trabalhando para dar a popula\u00e7\u00e3o campo-grandense uma sa\u00fade digna e de qualidade. E esse resultado vem coroar todo o trabalho que vem sendo realizado. Temos a certeza que \u00e9 poss\u00edvel avan\u00e7ar muito mais e vamos trabalhar para que a nossa cidade continue sendo refer\u00eancia em todas as \u00e1reas&#8221;, disse a chefe do Executivo Municipal.<\/p>\n<p><img fetchpriority=\"high\" decoding=\"async\" class=\"alignright wp-image-97809\" src=\"https:\/\/prefcg-repositorio.campogrande.ms.gov.br\/wp-cdn\/uploads\/sites\/3\/2023\/05\/RANKING.png\" alt=\"\" width=\"485\" height=\"536\" srcset=\"https:\/\/cdn.campogrande.ms.gov.br\/portal\/prod\/uploads\/sites\/3\/2023\/05\/RANKING.png 690w, https:\/\/cdn.campogrande.ms.gov.br\/portal\/prod\/uploads\/sites\/3\/2023\/05\/RANKING-272x300.png 272w\" sizes=\"(max-width: 485px) 100vw, 485px\" \/>Conforme o relat\u00f3rio, a capital sul-mato-grossense alcan\u00e7ou o \u00cdndice Sint\u00e9tico Final (ISF) de 7,01, \u00e0 frente das cidades de Bras\u00edlia-DF (6,86) e Cuiab\u00e1-MT(5,25). No ranking geral, Campo Grande aparece na s\u00e9tima coloca\u00e7\u00e3o, ficando atr\u00e1s das cidades de Manaus-AM (8,45), Curitiba-PR (7,76), Porto Alegre-RS (7,75), Macei\u00f3-AL (7,62), Florian\u00f3polis-SC (7,25) e Rio de Janeiro (7,16).<\/p>\n<p>Os sete indicadores monitorados pelo programa s\u00e3o referentes \u00e0 aten\u00e7\u00e3o \u00e0 sa\u00fade da gestante, realiza\u00e7\u00e3o de exames preventivos no p\u00fablico feminino, cobertura vacinal contra poliomielite e pentavalente, al\u00e9m do acompanhamento de hipertensos e de diab\u00e9ticos na rede.<\/p>\n<p>O Previne Brasil \u00e9 um programa do Minist\u00e9rio da Sa\u00fade que monitora a qualidade dos servi\u00e7os de aten\u00e7\u00e3o prim\u00e1ria ofertados aos usu\u00e1rios do Sistema \u00danico de Sa\u00fade (SUS), considerando o desempenho de cada munic\u00edpio para acesso aos recursos de investimento na \u00e1rea. Al\u00e9m dos sete indicadores de sa\u00fade, o programa avalia a sa\u00fade b\u00e1sica a partir de mais dois eixos: o cadastramento da popula\u00e7\u00e3o na APS e a execu\u00e7\u00e3o de a\u00e7\u00f5es program\u00e1ticas.<\/p>\n<p><strong>Avan\u00e7os<\/strong><\/p>\n<p>Nos \u00faltimos seis anos, Campo Grande dobrou a cobertura de Aten\u00e7\u00e3o Prim\u00e1ria, saindo de 33,27% para 71,28%, conforme dados extra\u00eddos do sistema E-Gestor e dispon\u00edveis na plataforma oficial do Minist\u00e9rio da Sa\u00fade<\/p>\n<p>Esse avan\u00e7o \u00e9 resultado da implanta\u00e7\u00e3o de novas equipes de sa\u00fade da fam\u00edlia por meio da cria\u00e7\u00e3o dos programa, de resid\u00eancia multiprofissional em sa\u00fade da fam\u00edlia e resid\u00eancia de medicina fam\u00edlia e comunidade, considerados um dos maiores do pa\u00eds e o maior do Centro-Oeste, o que conferiu a Campo Grande reconhecimento nacional.<\/p>\n<p>Neste per\u00edodo, houve um aumento de mais de 100% no n\u00famero de Equipes de Sa\u00fade da Fam\u00edlia (ESFs) no munic\u00edpio, saindo de 96 em 2017 para as atuais 197 equipes.<\/p>\n<p><img decoding=\"async\" class=\"aligncenter size-full wp-image-97810\" src=\"https:\/\/prefcg-repositorio.campogrande.ms.gov.br\/wp-cdn\/uploads\/sites\/3\/2023\/05\/WhatsApp-Image-2023-05-26-at-10.03.11.jpeg\" alt=\"\" width=\"852\" height=\"427\" srcset=\"https:\/\/cdn.campogrande.ms.gov.br\/portal\/prod\/uploads\/sites\/3\/2023\/05\/WhatsApp-Image-2023-05-26-at-10.03.11.jpeg 852w, https:\/\/cdn.campogrande.ms.gov.br\/portal\/prod\/uploads\/sites\/3\/2023\/05\/WhatsApp-Image-2023-05-26-at-10.03.11-300x150.jpeg 300w, https:\/\/cdn.campogrande.ms.gov.br\/portal\/prod\/uploads\/sites\/3\/2023\/05\/WhatsApp-Image-2023-05-26-at-10.03.11-768x385.jpeg 768w\" sizes=\"(max-width: 852px) 100vw, 852px\" \/><\/p>\n<p>A estrutura\u00e7\u00e3o da Rede Municipal de Sa\u00fade tamb\u00e9m foi fundamental neste processo. Desde 2017, 11 novas unidades de sa\u00fade da fam\u00edlia foram inauguradas, beneficiando mais de 100 mil pessoas com atendimento de qualidade nos bairros: S\u00edrio Liban\u00eas, Vila Cox, Oliveira, Azal\u00e9ia, Dom Ant\u00f4nio Barbosa, Z\u00e9 Pereira, Cristo Redentor, Arnaldo Estev\u00e3o Figueiredo, Aero Rancho Granja, Santa Em\u00edlia e Jardim Presidente, sendo essas duas \u00faltimas entregues em 2022, al\u00e9m de tr\u00eas Cl\u00ednicas da Fam\u00edlia nos bairros Nova Lima, Portal Caiob\u00e1 e Iracy Coelho.<\/p>\n<p>Somente este ano, quatro unidades de sa\u00fade da fam\u00edlia j\u00e1 foram revitalizadas pela Prefeitura, nos bairros: Aero Rancho, Arnaldo Estev\u00e3o de Figueiredo, Jockey Club e Marab\u00e1. Est\u00e1 em andamento a revitaliza\u00e7\u00e3o do Complexo de Sa\u00fade Nova Bahia, que engloba a USF, o Centro Regional de Sa\u00fade e Distrito Sanit\u00e1rio, al\u00e9m da reforma completa da UPA Vila Almeida.<\/p>\n<p>&nbsp;<\/p>\n","protected":false},"author":383,"featured_media":97808,"template":"","meta":{"custom_icon_class":"","footnotes":""},"categories":[40],"tags":[],"class_list":["post-97807","sec-noticias","type-sec-noticias","status-publish","has-post-thumbnail","hentry","category-saude"],"acf":[],"_links":{"self":[{"href":"https:\/\/www.campogrande.ms.gov.br\/cgnoticias\/wp-json\/wp\/v2\/sec-noticias\/97807"}],"collection":[{"href":"https:\/\/www.campogrande.ms.gov.br\/cgnoticias\/wp-json\/wp\/v2\/sec-noticias"}],"about":[{"href":"https:\/\/www.campogrande.ms.gov.br\/cgnoticias\/wp-json\/wp\/v2\/types\/sec-noticias"}],"author":[{"embeddable":true,"href":"https:\/\/www.campogrande.ms.gov.br\/cgnoticias\/wp-json\/wp\/v2\/users\/383"}],"version-history":[{"count":1,"href":"https:\/\/www.campogrande.ms.gov.br\/cgnoticias\/wp-json\/wp\/v2\/sec-noticias\/97807\/revisions"}],"predecessor-version":[{"id":97835,"href":"https:\/\/www.campogrande.ms.gov.br\/cgnoticias\/wp-json\/wp\/v2\/sec-noticias\/97807\/revisions\/97835"}],"wp:featuredmedia":[{"embeddable":true,"href":"https:\/\/www.campogrande.ms.gov.br\/cgnoticias\/wp-json\/wp\/v2\/media\/97808"}],"wp:attachment":[{"href":"https:\/\/www.campogrande.ms.gov.br\/cgnoticias\/wp-json\/wp\/v2\/media?parent=97807"}],"wp:term":[{"taxonomy":"category","embeddable":true,"href":"https:\/\/www.campogrande.ms.gov.br\/cgnoticias\/wp-json\/wp\/v2\/categories?post=97807"},{"taxonomy":"post_tag","embeddable":true,"href":"https:\/\/www.campogrande.ms.gov.br\/cgnoticias\/wp-json\/wp\/v2\/tags?post=97807"}],"curies":[{"name":"wp","href":"https:\/\/api.w.org\/{rel}","templated":true}]}}