{"id":96398,"date":"2023-04-11T17:07:24","date_gmt":"2023-04-11T21:07:24","guid":{"rendered":"https:\/\/www.campogrande.ms.gov.br\/cgnoticias\/?post_type=sec-noticias&#038;p=96398"},"modified":"2023-04-12T10:12:20","modified_gmt":"2023-04-12T14:12:20","slug":"prefeitura-intensifica-seguranca-nas-escolas-com-auxilio-de-efetivo-e-uso-de-tecnologia","status":"publish","type":"sec-noticias","link":"https:\/\/www.campogrande.ms.gov.br\/cgnoticias\/noticia\/prefeitura-intensifica-seguranca-nas-escolas-com-auxilio-de-efetivo-e-uso-de-tecnologia\/","title":{"rendered":"Prefeitura intensifica seguran\u00e7a nas escolas com aux\u00edlio de efetivo e uso de tecnologia"},"content":{"rendered":"<p><img fetchpriority=\"high\" decoding=\"async\" class=\" wp-image-96403 alignleft\" src=\"https:\/\/prefcg-repositorio.campogrande.ms.gov.br\/wp-cdn\/uploads\/sites\/3\/2023\/04\/WhatsApp-Image-2023-04-11-at-17.03.23.jpeg\" alt=\"\" width=\"278\" height=\"185\" srcset=\"https:\/\/cdn.campogrande.ms.gov.br\/portal\/prod\/uploads\/sites\/3\/2023\/04\/WhatsApp-Image-2023-04-11-at-17.03.23.jpeg 1600w, https:\/\/cdn.campogrande.ms.gov.br\/portal\/prod\/uploads\/sites\/3\/2023\/04\/WhatsApp-Image-2023-04-11-at-17.03.23-300x200.jpeg 300w, https:\/\/cdn.campogrande.ms.gov.br\/portal\/prod\/uploads\/sites\/3\/2023\/04\/WhatsApp-Image-2023-04-11-at-17.03.23-1024x681.jpeg 1024w, https:\/\/cdn.campogrande.ms.gov.br\/portal\/prod\/uploads\/sites\/3\/2023\/04\/WhatsApp-Image-2023-04-11-at-17.03.23-768x511.jpeg 768w, https:\/\/cdn.campogrande.ms.gov.br\/portal\/prod\/uploads\/sites\/3\/2023\/04\/WhatsApp-Image-2023-04-11-at-17.03.23-1536x1021.jpeg 1536w\" sizes=\"(max-width: 278px) 100vw, 278px\" \/>Dez viaturas da Guarda Civil Metropolitana ser\u00e3o colocadas \u00e0 disposi\u00e7\u00e3o das unidades escolares da Rede Municipal de Ensino nos pr\u00f3ximos dias, exclusivamente para refor\u00e7ar as medidas de seguran\u00e7a nesses locais. Al\u00e9m das rondas, todas as 205 escolas e Emeis v\u00e3o receber a instala\u00e7\u00e3o de alarmes, mapeamento de risco, controle minucioso de fechamento dos port\u00f5es e ser\u00e3o monitoradas com o bot\u00e3o do p\u00e2nico.<\/p>\n<p>O an\u00fancio foi feito nesta semana, ap\u00f3s rodadas de reuni\u00f5es de planejamento envolvendo o Gabinete da Prefeita, Secretaria Municipal de Educa\u00e7\u00e3o e a Guarda Civil Metropolitana. As medidas visam garantir a seguran\u00e7a tanto dos alunos quanto dos servidores, contra poss\u00edveis amea\u00e7as que circulam em todo o Brasil.<\/p>\n<p><img decoding=\"async\" class=\" wp-image-96404 alignright\" src=\"https:\/\/prefcg-repositorio.campogrande.ms.gov.br\/wp-cdn\/uploads\/sites\/3\/2023\/04\/WhatsApp-Image-2023-04-11-at-17.02.43.jpeg\" alt=\"\" width=\"305\" height=\"203\" srcset=\"https:\/\/cdn.campogrande.ms.gov.br\/portal\/prod\/uploads\/sites\/3\/2023\/04\/WhatsApp-Image-2023-04-11-at-17.02.43.jpeg 1600w, https:\/\/cdn.campogrande.ms.gov.br\/portal\/prod\/uploads\/sites\/3\/2023\/04\/WhatsApp-Image-2023-04-11-at-17.02.43-300x200.jpeg 300w, https:\/\/cdn.campogrande.ms.gov.br\/portal\/prod\/uploads\/sites\/3\/2023\/04\/WhatsApp-Image-2023-04-11-at-17.02.43-1024x681.jpeg 1024w, https:\/\/cdn.campogrande.ms.gov.br\/portal\/prod\/uploads\/sites\/3\/2023\/04\/WhatsApp-Image-2023-04-11-at-17.02.43-768x511.jpeg 768w, https:\/\/cdn.campogrande.ms.gov.br\/portal\/prod\/uploads\/sites\/3\/2023\/04\/WhatsApp-Image-2023-04-11-at-17.02.43-1536x1021.jpeg 1536w\" sizes=\"(max-width: 305px) 100vw, 305px\" \/>Para tranquilizar alunos, pais e servidores, a prefeita Adriane Lopes, acompanhada do secret\u00e1rio municipal de Educa\u00e7\u00e3o Lucas Henrique Bitencourt e o secret\u00e1rio Especial de Seguran\u00e7a Anderson Gonzaga, afirmou que, de imediato, 23 escolas apontadas pelo mapeamento com maior risco, ter\u00e3o efetivo da GCM durante o turno escolar. Essa medida ser\u00e1 ampliada gradativamente conforme a incorpora\u00e7\u00e3o de novos guardas nomeados por meio de concurso p\u00fablico. Em paralelo, todas as unidades de ensino da Reme ter\u00e3o a instala\u00e7\u00e3o de trancas nos port\u00f5es de acesso.<\/p>\n<p>&nbsp;<\/p>\n<p><strong>De imediato<\/strong><\/p>\n<p>J\u00e1 est\u00e1 sendo estudada a implementa\u00e7\u00e3o do bot\u00e3o do p\u00e2nico, por meio de aplicativo, pelo qual cada unidade escolar ter\u00e1 acesso direto com a Central da Guarda e as pr\u00f3prias viaturas da GCM, que fazem rondas nas sete regi\u00f5es da cidade. O uso desse tipo de tecnologia est\u00e1 sendo viabilizado em a\u00e7\u00e3o conjunta da Semed, GCM e Agetec.<\/p>\n<p>Outra medida apresentada para diminuir os riscos \u00e9 fechar o port\u00e3o de entrada dos professores, implementa\u00e7\u00e3o de aplicativos com os diretores, chefias das redes de ensino e guarda civil, palestras e rondas constantes.<\/p>\n<p>\u201cVamos fazer igual nossas Emeis, onde ningu\u00e9m entra sem autoriza\u00e7\u00e3o. A intelig\u00eancia artificial tamb\u00e9m vai nos ajudar com a seguran\u00e7a dos nossos alunos e servidores. Estamos refor\u00e7ando a seguran\u00e7a de toda a comunidade escolar\u201d, ponderou a chefe do Executivo Municipal.<\/p>\n<p>O secret\u00e1rio municipal de Educa\u00e7\u00e3o informou que est\u00e1 programada para a pr\u00f3xima segunda-feira (17), \u00e0s 8h, uma caminhada pela paz, nos altos da Avenida Afonso Pena, com a presen\u00e7a de servidores da Semed e diretores de Emeis e escolas. \u201cVamos promover a caminhada juntamente com as a\u00e7\u00f5es que j\u00e1 est\u00e3o em pr\u00e1tica. Nossas escolas n\u00e3o podem parar e tamb\u00e9m n\u00e3o podemos aceitar esses tipos de amea\u00e7as\u201d.<\/p>\n<p>&nbsp;<\/p>\n<p>&nbsp;<\/p>\n","protected":false},"author":363,"featured_media":96402,"template":"","meta":{"custom_icon_class":"","footnotes":""},"categories":[38,51],"tags":[],"class_list":["post-96398","sec-noticias","type-sec-noticias","status-publish","has-post-thumbnail","hentry","category-educacao","category-seguranca"],"acf":[],"_links":{"self":[{"href":"https:\/\/www.campogrande.ms.gov.br\/cgnoticias\/wp-json\/wp\/v2\/sec-noticias\/96398"}],"collection":[{"href":"https:\/\/www.campogrande.ms.gov.br\/cgnoticias\/wp-json\/wp\/v2\/sec-noticias"}],"about":[{"href":"https:\/\/www.campogrande.ms.gov.br\/cgnoticias\/wp-json\/wp\/v2\/types\/sec-noticias"}],"author":[{"embeddable":true,"href":"https:\/\/www.campogrande.ms.gov.br\/cgnoticias\/wp-json\/wp\/v2\/users\/363"}],"version-history":[{"count":1,"href":"https:\/\/www.campogrande.ms.gov.br\/cgnoticias\/wp-json\/wp\/v2\/sec-noticias\/96398\/revisions"}],"predecessor-version":[{"id":96405,"href":"https:\/\/www.campogrande.ms.gov.br\/cgnoticias\/wp-json\/wp\/v2\/sec-noticias\/96398\/revisions\/96405"}],"wp:featuredmedia":[{"embeddable":true,"href":"https:\/\/www.campogrande.ms.gov.br\/cgnoticias\/wp-json\/wp\/v2\/media\/96402"}],"wp:attachment":[{"href":"https:\/\/www.campogrande.ms.gov.br\/cgnoticias\/wp-json\/wp\/v2\/media?parent=96398"}],"wp:term":[{"taxonomy":"category","embeddable":true,"href":"https:\/\/www.campogrande.ms.gov.br\/cgnoticias\/wp-json\/wp\/v2\/categories?post=96398"},{"taxonomy":"post_tag","embeddable":true,"href":"https:\/\/www.campogrande.ms.gov.br\/cgnoticias\/wp-json\/wp\/v2\/tags?post=96398"}],"curies":[{"name":"wp","href":"https:\/\/api.w.org\/{rel}","templated":true}]}}