{"id":95851,"date":"2023-03-27T09:05:09","date_gmt":"2023-03-27T13:05:09","guid":{"rendered":"https:\/\/www.campogrande.ms.gov.br\/cgnoticias\/?post_type=sec-noticias&#038;p=95851"},"modified":"2023-03-27T09:53:34","modified_gmt":"2023-03-27T13:53:34","slug":"prefeitura-convoca-aprovados-em-processo-seletivo-para-motorista-do-samu","status":"publish","type":"sec-noticias","link":"https:\/\/www.campogrande.ms.gov.br\/cgnoticias\/noticia\/prefeitura-convoca-aprovados-em-processo-seletivo-para-motorista-do-samu\/","title":{"rendered":"Prefeitura convoca aprovados em processo seletivo para motorista do SAMU"},"content":{"rendered":"<p>A Prefeitura de Campo Grande, por meio das secretarias municipais de Gest\u00e3o e Sa\u00fade, publicou na edi\u00e7\u00e3o desta segunda-feira (27) do Di\u00e1rio Oficial do munic\u00edpio (Diogrande), Edital de convoca\u00e7\u00e3o dos candidatos aprovados no processo seletivo simplificado para contrata\u00e7\u00e3o de motorista do Servi\u00e7o de Atendimento M\u00f3vel\u00a0 de Urg\u00eancia (SAMU).<\/p>\n<p>Conforme a publica\u00e7\u00e3o, os candidatos devem comparecer no local, data e hor\u00e1rio especificados no Edital, para orienta\u00e7\u00e3o sobre a documenta\u00e7\u00e3o a ser entregue para o preenchimento da vaga e efetiva\u00e7\u00e3o do procedimento de contrata\u00e7\u00e3o.<\/p>\n<p>A apresenta\u00e7\u00e3o deve ocorrer no dia 29 de mar\u00e7o, \u00e0s 09h, na Secretaria Municipal de Gest\u00e3o &#8211; GEMOL-SEGES, localizada na \u00a0Avenida Afonso Pena, n. 3297 \u2013 Centro.<\/p>\n<p>Abaixo a rela\u00e7\u00e3o e classifica\u00e7\u00e3o dos candidatos.<br \/>\n<strong>FUN\u00c7\u00c3O: MOTORISTA DE VE\u00cdCULOS PESADOS (Condutor de Ambul\u00e2ncia)<\/strong><br \/>\nClassifica\u00e7\u00e3o Candidato<br \/>\n1 KEROLIN FAQUINI DA COSTA<br \/>\n2 ANDERSON LUIS DA SILVA ROMERO<br \/>\n3 WILLIAM TAVARES MOREIRA<br \/>\n4 ANDERSON AUGUSTO REIS COELHO<br \/>\n5 PAULO MARCELO WEHNER<br \/>\n6 ELTON AUGUSTO LEITE SEGOVIA<br \/>\n7 TIAGO PEREIRA DE SOUZA TABOSA<br \/>\n8 RAFAEL MARTINS RECH<\/p>\n<p><strong>SAMU Regional Campo Grande<\/strong><\/p>\n<p>O Servi\u00e7o de Atendimento M\u00f3vel de Urg\u00eancia \u2013 SAMU 192 tem como finalidade o atendimento pr\u00e9- hospitalar do paciente, visando \u00e0 .estabiliza\u00e7\u00e3o do quadro de urg\u00eancia apresentado e, quando necess\u00e1rio, o transporte desse paciente a outro servi\u00e7o de maior complexidade para a continuidade do tratamento.<\/p>\n<p>O SAMU Regional Campo Grande, foi inaugurado no ano de 2005 e Regionalizado em 2012, conta atualmente com 11 munic\u00edpios regionalizados \u00e0 sua Central de Regula\u00e7\u00e3o M\u00e9dica de Urg\u00eancias. O servi\u00e7o funciona 24 horas, por meio da presta\u00e7\u00e3o de orienta\u00e7\u00f5es m\u00e9dicas e do envio de ve\u00edculos tripulados por equipe capacitada, acessado pelo n\u00famero 192.<\/p>\n<p>S\u00e3o 26 viaturas atuantes nos munic\u00edpios de Campo Grande, Sidrol\u00e2ndia, Terenos, Ribas do Rio Pardo, Corumb\u00e1\/Lad\u00e1rio, Aquidauana\/Anast\u00e1cio, Coxim, S\u00e3o Gabriel do Oeste, Camapu\u00e3 e Rio Verde de Mato Grosso.<\/p>\n<p>O SAMU realiza os atendimentos em qualquer lugar: resid\u00eancias, locais de trabalho e vias p\u00fablicas, e conta com equipes capacitadas, que re\u00fanem m\u00e9dicos, enfermeiros, t\u00e9cnicos de enfermagem e condutores socorristas, t\u00e9cnicos auxiliares de regula\u00e7\u00e3o m\u00e9dica, radiooperadores e administrativos. O trabalho em equipe, que integra uma sequencia organizada de a\u00e7\u00f5es de socorro, envolve desde o recebimento do chamado atrav\u00e9s do telefone 192, a assist\u00eancia especializada pelas equipes no local do incidente e o encaminhamento do paciente para a Rede de Urg\u00eancia e Emerg\u00eancia pactuada que melhor atenda as suas necessidades.<\/p>\n<p>Atualmente, o SAMU Campo Grande \u00e9 habilitado e qualificado para atender com quatro viaturas de suporte avan\u00e7ado de vida, tripuladas por m\u00e9dicos, enfermeiros e socorristas, equipadas como unidades de terapia intensiva m\u00f3veis, com todo o recurso necess\u00e1rio para o atendimento inicial \u00e0s urg\u00eancias e emerg\u00eancias e para o transporte at\u00e9 as unidades hospitalares da Rede de Urg\u00eancia e Emerg\u00eancia de Campo Grande.<\/p>\n<p>Ainda contamos com a habilita\u00e7\u00e3o e qualifica\u00e7\u00e3o de 10 unidades de suporte b\u00e1sico, tripuladas por t\u00e9cnicos de enfermagem e socorristas e 02 motol\u00e2ncias com equipe de enfermeiro e t\u00e9cnico de enfermagem que fazem o primeiro atendimento e d\u00e3o apoio \u00e0s unidades avan\u00e7adas, cobrindo todo o territ\u00f3rio urbano do munic\u00edpio de Campo Grande e distrito de Anhandu\u00ed.<\/p>\n","protected":false},"author":383,"featured_media":80189,"template":"","meta":{"custom_icon_class":"","footnotes":""},"categories":[98,40],"tags":[],"class_list":["post-95851","sec-noticias","type-sec-noticias","status-publish","has-post-thumbnail","hentry","category-processo-seletivo","category-saude"],"acf":[],"_links":{"self":[{"href":"https:\/\/www.campogrande.ms.gov.br\/cgnoticias\/wp-json\/wp\/v2\/sec-noticias\/95851"}],"collection":[{"href":"https:\/\/www.campogrande.ms.gov.br\/cgnoticias\/wp-json\/wp\/v2\/sec-noticias"}],"about":[{"href":"https:\/\/www.campogrande.ms.gov.br\/cgnoticias\/wp-json\/wp\/v2\/types\/sec-noticias"}],"author":[{"embeddable":true,"href":"https:\/\/www.campogrande.ms.gov.br\/cgnoticias\/wp-json\/wp\/v2\/users\/383"}],"version-history":[{"count":0,"href":"https:\/\/www.campogrande.ms.gov.br\/cgnoticias\/wp-json\/wp\/v2\/sec-noticias\/95851\/revisions"}],"wp:featuredmedia":[{"embeddable":true,"href":"https:\/\/www.campogrande.ms.gov.br\/cgnoticias\/wp-json\/wp\/v2\/media\/80189"}],"wp:attachment":[{"href":"https:\/\/www.campogrande.ms.gov.br\/cgnoticias\/wp-json\/wp\/v2\/media?parent=95851"}],"wp:term":[{"taxonomy":"category","embeddable":true,"href":"https:\/\/www.campogrande.ms.gov.br\/cgnoticias\/wp-json\/wp\/v2\/categories?post=95851"},{"taxonomy":"post_tag","embeddable":true,"href":"https:\/\/www.campogrande.ms.gov.br\/cgnoticias\/wp-json\/wp\/v2\/tags?post=95851"}],"curies":[{"name":"wp","href":"https:\/\/api.w.org\/{rel}","templated":true}]}}