{"id":95072,"date":"2023-02-24T13:59:41","date_gmt":"2023-02-24T17:59:41","guid":{"rendered":"https:\/\/www.campogrande.ms.gov.br\/cgnoticias\/?post_type=sec-noticias&#038;p=95072"},"modified":"2023-03-29T10:32:43","modified_gmt":"2023-03-29T14:32:43","slug":"com-mais-de-600-vagas-de-emprego-prefeitura-promove-2o-feirao-de-oportunidades","status":"publish","type":"sec-noticias","link":"https:\/\/www.campogrande.ms.gov.br\/cgnoticias\/noticia\/com-mais-de-600-vagas-de-emprego-prefeitura-promove-2o-feirao-de-oportunidades\/","title":{"rendered":"Com mais de 600 vagas de emprego, Prefeitura promove 2\u00ba \u201cFeir\u00e3o de Oportunidades\u201d"},"content":{"rendered":"<p>A Prefeitura de Campo Grande promove na pr\u00f3xima segunda-feira (27), a 2\u00aa edi\u00e7\u00e3o do Feir\u00e3o de Oportunidades, com mais de 600 vagas de emprego. O evento acontece na sede da Funsat (Funda\u00e7\u00e3o Social do Trabalho de Campo Grande), das 08h \u00e0s 14h, e busca aproximar os candidatos aos empregadores e tamb\u00e9m apresentar os diversos servi\u00e7os dispon\u00edveis aos cidad\u00e3os.<\/p>\n<p>Segundo a Funda\u00e7\u00e3o, as empresas parceiras estar\u00e3o oferecendo as vagas em guich\u00eas pr\u00f3prios no evento. \u00a0\u201cO Feir\u00e3o existe para promover uma maior proximidade de empregadores com candidatos, por isso a presen\u00e7a de equipes dessas empresas no evento, facilitando a chance de contrata\u00e7\u00f5es imediatas. Para essa segunda edi\u00e7\u00e3o do evento, teremos mais de 600 vagas de 18 parceiros da funda\u00e7\u00e3o, dos mais variados segmentos\u201d, explica a Coordenadora de Vagas e Emprego da Funsat, Ione Serafim.<\/p>\n<p>Em sua segunda edi\u00e7\u00e3o, o mutir\u00e3o traz oferta de oportunidades 20% maior que na edi\u00e7\u00e3o de novembro do ano passado. Um reflexo do momento de alta para a empregabilidade, que tamb\u00e9m pode ser visto na quantidade m\u00e9dia de vagas do mural di\u00e1rio da Funsat \u2013 cerca de 1.300 processos seletivos diariamente- ou no volume de atendimentos recentes do \u00f3rg\u00e3o, que tamb\u00e9m apresentam uma crescente.<\/p>\n<p>\u201cOs nossos n\u00fameros provam que Campo Grande \u00e9 uma Capital com muitas oportunidades. As vagas existem, e \u00e9 preciso capacita\u00e7\u00e3o constante, al\u00e9m, \u00e9 claro, de iniciativas como essas que aproximam essas oportunidades da popula\u00e7\u00e3o. E a Funsat est\u00e1 aqui para auxiliar o cidad\u00e3o nesses processos\u201d, ressalta o diretor-presidente da funda\u00e7\u00e3o, Paulo Silva, idealizador do \u201cFeir\u00e3o de Oportunidades\u201d.<\/p>\n<p>Do total de vagas disponibilizadas pela Funsat, diariamente, 60% n\u00e3o possuem a exig\u00eancia de experi\u00eancia pr\u00e9via na fun\u00e7\u00e3o, por parte dos empregadores parceiros do \u00f3rg\u00e3o. Um percentual que serve de horizonte tamb\u00e9m para quando o profissional n\u00e3o consegue uma chance mais ligada \u00e0 sua \u00e1rea, mas precisa, mesmo assim, de um trabalho.<\/p>\n<p>\u201cSempre digo em nossas palestras e cursos, que o valor de cada um est\u00e1 atrelado ao seu n\u00edvel de excel\u00eancia. Ent\u00e3o com as portas que se abrem, o compromisso com que se abra\u00e7a a oportunidade, \u00e9 absolutamente determinante para o crescimento pessoal e profissional do candidato. O nosso trabalho tem sido o de ampliar o alcance e encaminhamento das vagas\u201d, pontua o diretor-adjunto da pasta, Jo\u00e3o Henrique Lima Bezerra.<\/p>\n<p>Al\u00e9m do Feir\u00e3o, a Funda\u00e7\u00e3o tamb\u00e9m promove a\u00e7\u00f5es como \u201cFunsat Atende\u201d, de aproxima\u00e7\u00e3o a empresas, ou o \u201cFunsat em A\u00e7\u00e3o\u201d, com deslocamento de uma estrutura do \u00f3rg\u00e3o para o P\u00e1tio Central Shopping, todas as quintas-feiras.<\/p>\n<p>\u201cCom mais lugares onde a gente possa ser atendida e mais informa\u00e7\u00f5es sobre emprego, facilita muito a procura do novo ciclo profissional e as chances de que surja uma entrevista ou uma contrata\u00e7\u00e3o\u201d, fala a acad\u00eamica Adriane N\u00f3brega, de 21 anos, moradora do Nova Lima, que em passeio na \u00e1rea central, descobriu a possibilidade de conferir o balc\u00e3o de empregos.<\/p>\n<p><strong>Servi\u00e7o<\/strong><\/p>\n<p>Local: Rua 14 de Julho, 992, Vila Gl\u00f3ria<\/p>\n<p>Data: 27 de fevereiro<\/p>\n<p>Hor\u00e1rio: 8hs \u00e0s 14h<\/p>\n<p>&nbsp;<\/p>\n<p>&nbsp;<\/p>\n<p>&nbsp;<\/p>\n","protected":false},"author":391,"featured_media":95073,"template":"","meta":{"custom_icon_class":"","footnotes":""},"categories":[56,47],"tags":[],"class_list":["post-95072","sec-noticias","type-sec-noticias","status-publish","has-post-thumbnail","hentry","category-emprego","category-oportunidade"],"acf":[],"_links":{"self":[{"href":"https:\/\/www.campogrande.ms.gov.br\/cgnoticias\/wp-json\/wp\/v2\/sec-noticias\/95072"}],"collection":[{"href":"https:\/\/www.campogrande.ms.gov.br\/cgnoticias\/wp-json\/wp\/v2\/sec-noticias"}],"about":[{"href":"https:\/\/www.campogrande.ms.gov.br\/cgnoticias\/wp-json\/wp\/v2\/types\/sec-noticias"}],"author":[{"embeddable":true,"href":"https:\/\/www.campogrande.ms.gov.br\/cgnoticias\/wp-json\/wp\/v2\/users\/391"}],"version-history":[{"count":1,"href":"https:\/\/www.campogrande.ms.gov.br\/cgnoticias\/wp-json\/wp\/v2\/sec-noticias\/95072\/revisions"}],"predecessor-version":[{"id":95076,"href":"https:\/\/www.campogrande.ms.gov.br\/cgnoticias\/wp-json\/wp\/v2\/sec-noticias\/95072\/revisions\/95076"}],"wp:featuredmedia":[{"embeddable":true,"href":"https:\/\/www.campogrande.ms.gov.br\/cgnoticias\/wp-json\/wp\/v2\/media\/95073"}],"wp:attachment":[{"href":"https:\/\/www.campogrande.ms.gov.br\/cgnoticias\/wp-json\/wp\/v2\/media?parent=95072"}],"wp:term":[{"taxonomy":"category","embeddable":true,"href":"https:\/\/www.campogrande.ms.gov.br\/cgnoticias\/wp-json\/wp\/v2\/categories?post=95072"},{"taxonomy":"post_tag","embeddable":true,"href":"https:\/\/www.campogrande.ms.gov.br\/cgnoticias\/wp-json\/wp\/v2\/tags?post=95072"}],"curies":[{"name":"wp","href":"https:\/\/api.w.org\/{rel}","templated":true}]}}