{"id":82424,"date":"2022-04-30T06:49:02","date_gmt":"2022-04-30T10:49:02","guid":{"rendered":"https:\/\/www.campogrande.ms.gov.br\/cgnoticias\/?post_type=sec-noticias&#038;p=82424"},"modified":"2022-05-01T06:21:18","modified_gmt":"2022-05-01T10:21:18","slug":"prefeitura-lanca-programa-que-levara-mais-de-70-servicos-aos-bairros","status":"publish","type":"sec-noticias","link":"https:\/\/www.campogrande.ms.gov.br\/cgnoticias\/noticia\/prefeitura-lanca-programa-que-levara-mais-de-70-servicos-aos-bairros\/","title":{"rendered":"Prefeitura lan\u00e7a programa que levar\u00e1 mais de 70 servi\u00e7os aos bairros"},"content":{"rendered":"<p>Acontece na pr\u00f3xima segunda-feira (2), o lan\u00e7amento do Programa \u201cTodos em A\u00e7\u00e3o \u2013 a Prefeitura Mais Perto de Voc\u00ea\u201d e mais uma edi\u00e7\u00e3o da campanha \u201cMosquito Zero\u201d, que mobilizar\u00e1 350 servidores da Secretaria Municipal de Sa\u00fade para o combate ao mosquito Aedes aegypti. O evento ser\u00e1 \u00e0s 9 horas na Escola Municipal Jos\u00e9 Ant\u00f4nio Paniago, no Jardim Itamarac\u00e1, regi\u00e3o do Bandeira, onde as programa\u00e7\u00f5es come\u00e7am e, depois, seguem para as outras seis regi\u00f5es urbanas da cidade.<\/p>\n<p>Equipes da Prefeitura v\u00e3o oferecer mais de 70 servi\u00e7os, envolvendo todas as secretarias municipais. Entre eles, emiss\u00e3o de Carteira de Trabalho, orienta\u00e7\u00e3o jur\u00eddica e financeira, cursos em diversas \u00e1reas, al\u00e9m do patrolamento e cascalhamento de ruas, troca de l\u00e2mpadas, tapa-buraco, limpeza de bocas de lobo e pintura de meio-fio.<\/p>\n<p>Segundo a prefeita Adriane Lopes, a cada 15 dias o trabalho ser\u00e1 levado a um bairro de uma das 7 regi\u00f5es urbanas da\u00a0 cidade . &#8220;O objetivo tamb\u00e9m \u00e9 buscar maior intera\u00e7\u00e3o dos moradores com a equipe de Governo, que estar\u00e1 \u00e0 disposi\u00e7\u00e3o para ouvir a comunidade &#8220;, explica.<\/p>\n<p>Equipes da Prefeitura, desde a \u00faltima segunda-feira, iniciaram os servi\u00e7os de patrolamento e cascalhamento em pontos cr\u00edticos de escoamento da enxurrada e realizam a troca de l\u00e2mpadas queimadas. A partir do dia 2 de maio ter\u00e1 continuidade o servi\u00e7o de manuten\u00e7\u00e3o das ruas,\u00a0 incluindo as vias asfaltadas com a remo\u00e7\u00e3o dos bancos de areia e sedimentos e pedras que descem das ruas transversais n\u00e3o pavimentadas. Na sequ\u00eancia a Ag\u00eancia Municipal de Transporte e Tr\u00e2nsito (Agetran) vai revitalizar a sinaliza\u00e7\u00e3o.<\/p>\n<p>No dia 14 de maio, para encerrar os trabalhos do mutir\u00e3o naquela regi\u00e3o, haver\u00e1 uma grande a\u00e7\u00e3o integrada no bairro, com todas as secretarias municipais envolvidas para levar uma s\u00e9rie de atividades e servi\u00e7os aos moradores do Bandeira. A programa\u00e7\u00e3o inclui apresenta\u00e7\u00f5es culturais, brincadeiras para as crian\u00e7as com direito a pipoca e algod\u00e3o doce e diversos atendimentos na educa\u00e7\u00e3o, emprego, habita\u00e7\u00e3o, juventude, entre outros.<\/p>\n<p><strong>Opera\u00e7\u00e3o Mosquito Zero<\/strong><\/p>\n<p>Os agentes da Coordenadoria de Controle de Endemias Vetoriais da Sesau devem atuar nas \u00e1reas consideradas mais cr\u00edticas com trabalho de manejo, vistoria de im\u00f3veis, terrenos baldios e recolhimento de materiais inserv\u00edveis &#8211; potenciais criadouros do mosquito, e conscientizar a sociedade sobre a import\u00e2ncia de cada um fazer a sua parte, considerando que 80% dos focos do Aedes aegypti ainda s\u00e3o encontrados dentro das resid\u00eancias, segundo Levantamento R\u00e1pido de Infesta\u00e7\u00e3o do Aedes aegypti (LiRaa).<\/p>\n<p>Esse trabalho deve ocorrer durante toda a semana, seguindo cronograma a ser estabelecido pelo servi\u00e7o, priorizando \u00e1reas mais cr\u00edticas. O servi\u00e7o do Fumac\u00ea tamb\u00e9m ser\u00e1 intensificado.<\/p>\n<p>Conforme dados epidemiol\u00f3gicos da Sesau,\u00a0 de 01 de janeiro a 26 de abril deste ano foram contabilizados 2.365 casos notificados de dengue e tr\u00eas \u00f3bitos provocados pela doen\u00e7a em Campo Grande.\u00a0 No mesmo per\u00edodo foram registrados 4 casos de zika e 13 de chikungunya.<\/p>\n<p>Apesar da preocupa\u00e7\u00e3o com o poss\u00edvel aumento no n\u00famero de casos, os \u00edndices atuais s\u00e3o os menores registrados nos \u00faltimos cinco anos. Uma redu\u00e7\u00e3o consolidada no ano passado, ap\u00f3s o Munic\u00edpio enfrentar duas epidemias seguidas da doen\u00e7a.<\/p>\n","protected":false},"author":363,"featured_media":82425,"template":"","meta":{"custom_icon_class":"","footnotes":""},"categories":[5],"tags":[],"class_list":["post-82424","sec-noticias","type-sec-noticias","status-publish","has-post-thumbnail","hentry","category-acoes-da-prefeitura"],"acf":[],"_links":{"self":[{"href":"https:\/\/www.campogrande.ms.gov.br\/cgnoticias\/wp-json\/wp\/v2\/sec-noticias\/82424"}],"collection":[{"href":"https:\/\/www.campogrande.ms.gov.br\/cgnoticias\/wp-json\/wp\/v2\/sec-noticias"}],"about":[{"href":"https:\/\/www.campogrande.ms.gov.br\/cgnoticias\/wp-json\/wp\/v2\/types\/sec-noticias"}],"author":[{"embeddable":true,"href":"https:\/\/www.campogrande.ms.gov.br\/cgnoticias\/wp-json\/wp\/v2\/users\/363"}],"version-history":[{"count":1,"href":"https:\/\/www.campogrande.ms.gov.br\/cgnoticias\/wp-json\/wp\/v2\/sec-noticias\/82424\/revisions"}],"predecessor-version":[{"id":82426,"href":"https:\/\/www.campogrande.ms.gov.br\/cgnoticias\/wp-json\/wp\/v2\/sec-noticias\/82424\/revisions\/82426"}],"wp:featuredmedia":[{"embeddable":true,"href":"https:\/\/www.campogrande.ms.gov.br\/cgnoticias\/wp-json\/wp\/v2\/media\/82425"}],"wp:attachment":[{"href":"https:\/\/www.campogrande.ms.gov.br\/cgnoticias\/wp-json\/wp\/v2\/media?parent=82424"}],"wp:term":[{"taxonomy":"category","embeddable":true,"href":"https:\/\/www.campogrande.ms.gov.br\/cgnoticias\/wp-json\/wp\/v2\/categories?post=82424"},{"taxonomy":"post_tag","embeddable":true,"href":"https:\/\/www.campogrande.ms.gov.br\/cgnoticias\/wp-json\/wp\/v2\/tags?post=82424"}],"curies":[{"name":"wp","href":"https:\/\/api.w.org\/{rel}","templated":true}]}}