{"id":74184,"date":"2021-08-26T18:13:46","date_gmt":"2021-08-26T22:13:46","guid":{"rendered":"https:\/\/www.campogrande.ms.gov.br\/cgnoticias\/?post_type=sec-noticias&#038;p=74184"},"modified":"2021-08-26T21:08:35","modified_gmt":"2021-08-27T01:08:35","slug":"prefeitura-institui-programa-dignidade-menstrual-em-campo-grande","status":"publish","type":"sec-noticias","link":"https:\/\/www.campogrande.ms.gov.br\/cgnoticias\/noticia\/prefeitura-institui-programa-dignidade-menstrual-em-campo-grande\/","title":{"rendered":"Prefeitura institui Programa Dignidade Menstrual em Campo Grande"},"content":{"rendered":"<p>A lei que institui o &#8220;Programa Dignidade Menstrual&#8221; no munic\u00edpio de Campo Grande foi sancionada na tarde desta quinta-feira (26). O texto que ser\u00e1 publicado no Di\u00e1rio Oficial de Campo Grande (Diogrande) prev\u00ea a implanta\u00e7\u00e3o do programa na Rede Municipal de Ensino (Reme). O objetivo \u00e9 distribuir absorventes higi\u00eanicos descart\u00e1veis para as estudantes em situa\u00e7\u00e3o de vulnerabilidade social, para garantir que elas continuem frequentando as aulas. A a\u00e7\u00e3o faz parte da comemora\u00e7\u00e3o dos 122 anos de Campo Grande<\/p>\n<p><img fetchpriority=\"high\" decoding=\"async\" class=\"alignleft size-medium wp-image-74187\" src=\"https:\/\/prefcg-repositorio.campogrande.ms.gov.br\/wp-cdn\/uploads\/sites\/3\/2021\/08\/whatsapp-image-2021-08-26-at-162950-1-1630015853-300x200.jpeg\" alt=\"\" width=\"300\" height=\"200\" srcset=\"https:\/\/cdn.campogrande.ms.gov.br\/portal\/prod\/uploads\/sites\/3\/2021\/08\/whatsapp-image-2021-08-26-at-162950-1-1630015853-300x200.jpeg 300w, https:\/\/cdn.campogrande.ms.gov.br\/portal\/prod\/uploads\/sites\/3\/2021\/08\/whatsapp-image-2021-08-26-at-162950-1-1630015853-1024x682.jpeg 1024w, https:\/\/cdn.campogrande.ms.gov.br\/portal\/prod\/uploads\/sites\/3\/2021\/08\/whatsapp-image-2021-08-26-at-162950-1-1630015853-768x512.jpeg 768w, https:\/\/cdn.campogrande.ms.gov.br\/portal\/prod\/uploads\/sites\/3\/2021\/08\/whatsapp-image-2021-08-26-at-162950-1-1630015853.jpeg 1280w\" sizes=\"(max-width: 300px) 100vw, 300px\" \/>&#8220;Com esta lei garantimos que as alunas continuem frequentando a aula, mesmo no per\u00edodo menstrual, o que para algumas era um desafio. Estamos atuando para garantir que as pessoas em situa\u00e7\u00e3o de vulnerabilidade tenham seus direitos garantidos, possam se cuidar enquanto mulheres&#8221;, afirmou a vice-prefeita Adriane Lopes.<\/p>\n<p>A Secretaria Municipal de Educa\u00e7\u00e3o (Semed) vai atuar com orienta\u00e7\u00f5es nas unidades escolares, al\u00e9m da distribui\u00e7\u00e3o dos absorventes e acompanhamento da frequ\u00eancia das estudantes. Tamb\u00e9m cabe \u00e0 pasta orientar as escolas para que promovam rodas de conversas e outras formas de di\u00e1logo para conscientiza\u00e7\u00e3o sobre os cuidados com a sa\u00fade, bem como o acompanhamento das estudantes para evitar evas\u00e3o escolar por conta de situa\u00e7\u00f5es envolvendo o per\u00edodo menstrual.<\/p>\n<p>&#8220;\u00c9 um projeto que busca dar dignidade para as mulheres em situa\u00e7\u00e3o de vulnerabilidade, especialmente as adolescentes na fase escolar. O acesso ao<img decoding=\"async\" class=\"size-medium wp-image-74188 alignright\" src=\"https:\/\/prefcg-repositorio.campogrande.ms.gov.br\/wp-cdn\/uploads\/sites\/3\/2021\/08\/whatsapp-image-2021-08-26-at-162947-2-1630015886-300x200.jpeg\" alt=\"\" width=\"300\" height=\"200\" srcset=\"https:\/\/cdn.campogrande.ms.gov.br\/portal\/prod\/uploads\/sites\/3\/2021\/08\/whatsapp-image-2021-08-26-at-162947-2-1630015886-300x200.jpeg 300w, https:\/\/cdn.campogrande.ms.gov.br\/portal\/prod\/uploads\/sites\/3\/2021\/08\/whatsapp-image-2021-08-26-at-162947-2-1630015886-1024x682.jpeg 1024w, https:\/\/cdn.campogrande.ms.gov.br\/portal\/prod\/uploads\/sites\/3\/2021\/08\/whatsapp-image-2021-08-26-at-162947-2-1630015886-768x512.jpeg 768w, https:\/\/cdn.campogrande.ms.gov.br\/portal\/prod\/uploads\/sites\/3\/2021\/08\/whatsapp-image-2021-08-26-at-162947-2-1630015886.jpeg 1280w\" sizes=\"(max-width: 300px) 100vw, 300px\" \/> absorvente higi\u00eanico \u00e9 essencial e necess\u00e1rio. A dignidade menstrual \u00e9 um assunto de extrema import\u00e2ncia e que \u00e9 tratado de forma global. Aqui em Campo Grande, gra\u00e7as a atua\u00e7\u00e3o da vereadora Camila Jara que teve este olhar de cuidado, sa\u00edmos na frente e estamos atendendo nossas alunas que necessitam&#8221;, afirmou Tatiana Trad, primeira-dama e presidente do Comit\u00ea Gestor do Fundo de Apoio \u00e0 Comunidade (FAC).<\/p>\n<p>&#8220;Estamos comemorando que Campo Grande d\u00e1 este passo rumo a igualdade, para que as pessoas com \u00fatero tenham qualidade de vida no per\u00edodo menstrual. Encontramos apoio para formalizar este projeto junto a Prefeitura e tamb\u00e9m na C\u00e2mara Municipal e por isso eu agrade\u00e7o&#8221;, afirmou a vereadora Camila Jara.<\/p>\n<p><img decoding=\"async\" class=\"alignleft size-medium wp-image-74190\" src=\"https:\/\/prefcg-repositorio.campogrande.ms.gov.br\/wp-cdn\/uploads\/sites\/3\/2021\/08\/whatsapp-image-2021-08-26-at-162947-1630015966-300x200.jpeg\" alt=\"\" width=\"300\" height=\"200\" srcset=\"https:\/\/cdn.campogrande.ms.gov.br\/portal\/prod\/uploads\/sites\/3\/2021\/08\/whatsapp-image-2021-08-26-at-162947-1630015966-300x200.jpeg 300w, https:\/\/cdn.campogrande.ms.gov.br\/portal\/prod\/uploads\/sites\/3\/2021\/08\/whatsapp-image-2021-08-26-at-162947-1630015966-1024x682.jpeg 1024w, https:\/\/cdn.campogrande.ms.gov.br\/portal\/prod\/uploads\/sites\/3\/2021\/08\/whatsapp-image-2021-08-26-at-162947-1630015966-768x512.jpeg 768w, https:\/\/cdn.campogrande.ms.gov.br\/portal\/prod\/uploads\/sites\/3\/2021\/08\/whatsapp-image-2021-08-26-at-162947-1630015966.jpeg 1280w\" sizes=\"(max-width: 300px) 100vw, 300px\" \/>Para a secret\u00e1ria municipal de Educa\u00e7\u00e3o, Elza Fernandes, o projeto vai agregar o que j\u00e1 ocorre nas unidades escolares. &#8220;\u00c9 um projeto de grande import\u00e2ncia para as nossas jovens alunas. Parabenizo pela sensibilidade e o atendimento para as pessoas que realmente precisam. Muitas vezes as fam\u00edlias n\u00e3o disp\u00f5em de recursos para comprar o absorvente, podemos pensar que \u00e9 algo simples, mas para muitas meninas \u00e9 algo inacess\u00edvel e vamos possibilitar qualidade para que ela frequente a aula e tenha uma vida normal, como deve ser&#8221;.<\/p>\n<p>&#8220;Esta lei vai possibilitar que as alunas consigam frequentar as aulas no per\u00edodo menstrual, e mais, dar a elas a possibilidade de se cuidarem. A menstrua\u00e7\u00e3o pode deixar de ser um tabu social e econ\u00f4mico&#8221;, afirmou a subsecret\u00e1ria municipal de Pol\u00edticas para Mulher, Carla Stephanini.<\/p>\n","protected":false},"author":1,"featured_media":74189,"template":"","meta":{"custom_icon_class":"","footnotes":""},"categories":[41,38],"tags":[],"class_list":["post-74184","sec-noticias","type-sec-noticias","status-publish","has-post-thumbnail","hentry","category-assistencia-social","category-educacao"],"acf":[],"_links":{"self":[{"href":"https:\/\/www.campogrande.ms.gov.br\/cgnoticias\/wp-json\/wp\/v2\/sec-noticias\/74184"}],"collection":[{"href":"https:\/\/www.campogrande.ms.gov.br\/cgnoticias\/wp-json\/wp\/v2\/sec-noticias"}],"about":[{"href":"https:\/\/www.campogrande.ms.gov.br\/cgnoticias\/wp-json\/wp\/v2\/types\/sec-noticias"}],"author":[{"embeddable":true,"href":"https:\/\/www.campogrande.ms.gov.br\/cgnoticias\/wp-json\/wp\/v2\/users\/1"}],"version-history":[{"count":0,"href":"https:\/\/www.campogrande.ms.gov.br\/cgnoticias\/wp-json\/wp\/v2\/sec-noticias\/74184\/revisions"}],"wp:featuredmedia":[{"embeddable":true,"href":"https:\/\/www.campogrande.ms.gov.br\/cgnoticias\/wp-json\/wp\/v2\/media\/74189"}],"wp:attachment":[{"href":"https:\/\/www.campogrande.ms.gov.br\/cgnoticias\/wp-json\/wp\/v2\/media?parent=74184"}],"wp:term":[{"taxonomy":"category","embeddable":true,"href":"https:\/\/www.campogrande.ms.gov.br\/cgnoticias\/wp-json\/wp\/v2\/categories?post=74184"},{"taxonomy":"post_tag","embeddable":true,"href":"https:\/\/www.campogrande.ms.gov.br\/cgnoticias\/wp-json\/wp\/v2\/tags?post=74184"}],"curies":[{"name":"wp","href":"https:\/\/api.w.org\/{rel}","templated":true}]}}