{"id":71306,"date":"2021-07-09T18:04:18","date_gmt":"2021-07-09T22:04:18","guid":{"rendered":"https:\/\/www.campogrande.ms.gov.br\/cgnoticias\/?post_type=sec-noticias&#038;p=71306"},"modified":"2021-07-10T08:01:30","modified_gmt":"2021-07-10T12:01:30","slug":"prefeitura-amplia-faixa-etaria-e-abre-vacinacao-contra-a-covid-19-para-profissionais-da-imprensa-e-bancarios","status":"publish","type":"sec-noticias","link":"https:\/\/www.campogrande.ms.gov.br\/cgnoticias\/noticia\/prefeitura-amplia-faixa-etaria-e-abre-vacinacao-contra-a-covid-19-para-profissionais-da-imprensa-e-bancarios\/","title":{"rendered":"Prefeitura amplia faixa et\u00e1ria e abre vacina\u00e7\u00e3o contra a Covid-19 para profissionais da imprensa e banc\u00e1rios"},"content":{"rendered":"<p data-uw-styling-context=\"true\">Neste s\u00e1bado, 10 de julho, a Prefeitura de Campo Grande amplia a vacina\u00e7\u00e3o contra a Covid-19 para pessoas com 36 anos ou mais e profissionais da imprensa e rede banc\u00e1ria com 30 anos ou mais.\u00a0 Pessoas que precisam tomar a segunda dose de Coronavac-Sinovac-Butantan e da Pfizer-Comirnaty tamb\u00e9m podem procurar um dos mais de 30 pontos de vacina\u00e7\u00e3o que estar\u00e3o abertos durante todo o dia.<\/p>\n<p data-uw-styling-context=\"true\">Conforme calend\u00e1rio divulgado pela Secretaria Municipal de Sa\u00fade (Sesau), devem receber a segunda dose pessoas que se vacinaram com a Coronavac at\u00e9 o dia 18 de junho e quem tomou o imunizante da Pfizer at\u00e9 o dia 10 de maio.<\/p>\n<p data-uw-styling-context=\"true\">O secret\u00e1rio municipal de Sa\u00fade, Jos\u00e9 Mauro Filho, refor\u00e7a a orienta\u00e7\u00e3o para que as pessoas fa\u00e7a o cadastro no sistema de identifica\u00e7\u00e3o pr\u00e9via, a fim de evitar filas e aglomera\u00e7\u00f5es. O acesso \u00e9 feito atrav\u00e9s do site: <strong data-uw-styling-context=\"true\"><a href=\"http:\/\/vacina.campogrande.ms.gov.br\/\" data-uw-styling-context=\"true\">http:\/\/vacina.campogrande.ms.gov.br<\/a>.<\/strong><\/p>\n<p data-uw-styling-context=\"true\">&#8220;\u00c9 importante que as pessoas que ainda n\u00e3o se cadastraram entrem no site e fa\u00e7a a sua identifica\u00e7\u00e3o porque isso ir\u00e1 contribuir para dar mais celeridade na hora de se vacinar. Portanto, voc\u00ea que faz parte do p\u00fablico que est\u00e1 sendo contemplado com a primeira dose, n\u00e3o deixe de se cadastrar&#8221;, completa.<\/p>\n<p class=\"\" data-uw-styling-context=\"true\"><strong data-uw-styling-context=\"true\">Parceria com a Uber<br \/>\n<\/strong><br \/>\nA Prefeitura de Campo Grande e a Uber fecharam parceria de R$ 100 mil em descontos para viagens na Capital. Os c\u00f3digos promocionais ser\u00e3o distribu\u00eddos com objetivo exclusivo de facilitar o deslocamento at\u00e9 os postos de vacina\u00e7\u00e3o contra Covid-19.<\/p>\n<p class=\"\" data-uw-styling-context=\"true\">Os c\u00f3digos promocionais garantir\u00e3o viagens gratuitas de ida e volta aos locais de vacina\u00e7\u00e3o, no valor m\u00e1ximo de R$ 25. O c\u00f3digo precisa ser adicionado no aplicativo da Uber antes das viagens.<\/p>\n<p class=\"\"><strong class=\"\" data-uw-styling-context=\"true\">Veja como ativar o c\u00f3digo de desconto:<\/strong><\/p>\n<p class=\"\" data-uw-styling-context=\"true\">1. Abra o aplicativo e selecione o menu (tr\u00eas linhas verticais no canto superior esquerdo)<br class=\"\" \/>2. Entrar no item \u201cWallet\u201d ou \u201cPagamento\u201d e rolar at\u00e9 a parte de baixo<br class=\"\" \/>3. Em \u201cPromo\u00e7\u00f5es\u201d, selecionar a op\u00e7\u00e3o \u201cAdicionar c\u00f3digo promocional\u201d (N\u00e3o vai funcionar como \u201cvoucher\u201d)<br class=\"\" \/>4. Digite o c\u00f3digo VACINACG<br class=\"\" \/>5. O c\u00f3digo funcionar\u00e1 das 7h da manh\u00e3 at\u00e9 as 18h.<\/p>\n<p><strong data-uw-styling-context=\"true\">Onde se vacinar ?<\/strong><\/p>\n<p data-uw-styling-context=\"true\"><strong data-uw-styling-context=\"true\">Drive-thru Ayrton Senna<\/strong><br \/>\n7h30 \u00e0s 17h<\/p>\n<p data-uw-styling-context=\"true\"><strong data-uw-styling-context=\"true\">Drive-thru Albano Franco<\/strong><br \/>\n7h30 \u00e0s 17h<\/p>\n<p data-uw-styling-context=\"true\"><strong data-uw-styling-context=\"true\">Drive-thru Cassems<\/strong><br \/>\n7h30 \u00e0s 17h<\/p>\n<p data-uw-styling-context=\"true\"><strong data-uw-styling-context=\"true\">Drive-thru UCDB<\/strong><br \/>\n7h30 \u00e0s 17h<\/p>\n<p data-uw-styling-context=\"true\"><strong data-uw-styling-context=\"true\">Seleta<\/strong><br \/>\n7h30 \u00e0s 17h<\/p>\n<p data-uw-styling-context=\"true\"><strong data-uw-styling-context=\"true\">Unidades de sa\u00fade<\/strong><br \/>\n7h30 \u00e0s 17h<\/p>\n<p data-uw-styling-context=\"true\"><strong data-uw-styling-context=\"true\">Bandeira<\/strong><br \/>\nUBS Carlota<br \/>\nUSF Itamarac\u00e1<br \/>\nUSB Universit\u00e1rio<br \/>\nUSF Moreninha<\/p>\n<p data-uw-styling-context=\"true\"><strong data-uw-styling-context=\"true\">Prosa<\/strong><br \/>\nUSF Noroeste<br \/>\nUSF Mata do Jacinto<br \/>\nUSF Nova Bahia<\/p>\n<p data-uw-styling-context=\"true\"><strong data-uw-styling-context=\"true\">Anhanduizinho<\/strong><br \/>\nUBS Jockey Club<br \/>\nUSB Dona Neta<br \/>\nC.F Iracy Coelho<br \/>\nUSF Los Angeles<br \/>\nUSF Anhandu\u00ed<br \/>\nUSF Botafogo<\/p>\n<p data-uw-styling-context=\"true\"><strong data-uw-styling-context=\"true\">Segredo<\/strong><br \/>\nUBS Cel. Antonino<br \/>\nUSF S\u00e3o Francisco<br \/>\nUSF Vila Nasser<br \/>\nUSF Paradiso<br \/>\nUSF Azaleia<\/p>\n<p data-uw-styling-context=\"true\"><strong data-uw-styling-context=\"true\">Lagoa<\/strong><br \/>\nUSF Oliveira<br \/>\nUSF Batist\u00e3o<br \/>\nUSF Coophavila<\/p>\n<p data-uw-styling-context=\"true\"><strong data-uw-styling-context=\"true\">Imbirussu<\/strong><br \/>\nUSF Aero Italia<br \/>\nUSF Serradinho<br \/>\nUBS Lar do Trabalhador<br \/>\nUSF Albino Coimbra<br \/>\nUSB Silvia Regina<\/p>\n","protected":false},"author":1,"featured_media":70962,"template":"","meta":{"custom_icon_class":"","footnotes":""},"categories":[40],"tags":[],"class_list":["post-71306","sec-noticias","type-sec-noticias","status-publish","has-post-thumbnail","hentry","category-saude"],"acf":[],"_links":{"self":[{"href":"https:\/\/www.campogrande.ms.gov.br\/cgnoticias\/wp-json\/wp\/v2\/sec-noticias\/71306"}],"collection":[{"href":"https:\/\/www.campogrande.ms.gov.br\/cgnoticias\/wp-json\/wp\/v2\/sec-noticias"}],"about":[{"href":"https:\/\/www.campogrande.ms.gov.br\/cgnoticias\/wp-json\/wp\/v2\/types\/sec-noticias"}],"author":[{"embeddable":true,"href":"https:\/\/www.campogrande.ms.gov.br\/cgnoticias\/wp-json\/wp\/v2\/users\/1"}],"version-history":[{"count":0,"href":"https:\/\/www.campogrande.ms.gov.br\/cgnoticias\/wp-json\/wp\/v2\/sec-noticias\/71306\/revisions"}],"wp:featuredmedia":[{"embeddable":true,"href":"https:\/\/www.campogrande.ms.gov.br\/cgnoticias\/wp-json\/wp\/v2\/media\/70962"}],"wp:attachment":[{"href":"https:\/\/www.campogrande.ms.gov.br\/cgnoticias\/wp-json\/wp\/v2\/media?parent=71306"}],"wp:term":[{"taxonomy":"category","embeddable":true,"href":"https:\/\/www.campogrande.ms.gov.br\/cgnoticias\/wp-json\/wp\/v2\/categories?post=71306"},{"taxonomy":"post_tag","embeddable":true,"href":"https:\/\/www.campogrande.ms.gov.br\/cgnoticias\/wp-json\/wp\/v2\/tags?post=71306"}],"curies":[{"name":"wp","href":"https:\/\/api.w.org\/{rel}","templated":true}]}}