{"id":70617,"date":"2021-06-28T17:37:14","date_gmt":"2021-06-28T21:37:14","guid":{"rendered":"https:\/\/www.campogrande.ms.gov.br\/cgnoticias\/?post_type=sec-noticias&#038;p=70617"},"modified":"2021-06-29T10:33:12","modified_gmt":"2021-06-29T14:33:12","slug":"drenagem-avanca-no-quadrilatero-central-e-interdita-trechos-da-rui-barbosa-e-maracaju-atencao-para-as-rotas-alternativas","status":"publish","type":"sec-noticias","link":"https:\/\/www.campogrande.ms.gov.br\/cgnoticias\/noticia\/drenagem-avanca-no-quadrilatero-central-e-interdita-trechos-da-rui-barbosa-e-maracaju-atencao-para-as-rotas-alternativas\/","title":{"rendered":"Drenagem avan\u00e7a no quadril\u00e1tero central e interdita trechos da Rui Barbosa e Maracaju. Aten\u00e7\u00e3o para as rotas alternativas"},"content":{"rendered":"<p>Trechos em duas das vias mais movimentadas do centro da cidade ser\u00e3o interditados a partir desta ter\u00e7a-feira (29), em decorr\u00eancia do avan\u00e7o das obras de drenagem do Reviva Campo Grande.<\/p>\n<p>Logo pela manh\u00e3, \u00e0s 6 horas, a Rui Barbosa, entre as ruas Maracaju e Ant\u00f4nio Maria Coelho, ter\u00e1 fechamento total com previs\u00e3o de obras pelos pr\u00f3ximos 25 dias. Devido \u00e0s interven\u00e7\u00f5es, o cruzamento da Rui Barbosa com a Maracaju ter\u00e1 impedimento parcial do tr\u00e2nsito de ve\u00edculos.<\/p>\n<p>O ponto de \u00f4nibus localizado na Ant\u00f4nio Maria Coelho, entre a Rui Barbosa e Pedro Celestino, tamb\u00e9m ficar\u00e1 interditado. O passageiro ter\u00e1 que se dirigir a pr\u00f3xima parada, pr\u00f3ximo a Padre Jo\u00e3o Crippa.<\/p>\n<p>A Ag\u00eancia Municipal de Transporte e Tr\u00e2nsito (Agetran) sugere a seguinte rota alternativa: o motorista que estiver na Rui Barbosa, pegar a C\u00e2ndido Mariano e a Padre Jo\u00e3o Crippa, ou descer a Rua Maracaju e a 14 de Julho.<\/p>\n<p><strong>Maracaju<\/strong><\/p>\n<p>O tr\u00e2nsito tamb\u00e9m ser\u00e1 totalmente impedido na Rua Maracaju, entre a Padre Jo\u00e3o Crippa e Rui Barbosa, devido \u00e0s obras de drenagem no cruzamento das ruas Pedro Celestino e Maracaju. Essa interdi\u00e7\u00e3o tem previs\u00e3o de durar uma semana.<\/p>\n<p>A orienta\u00e7\u00e3o da Agetran \u00e9, para quem estiver na Rua Maracaju, pegar a Rua Jos\u00e9 Ant\u00f4nio.<\/p>\n<p>Nestes trechos, tanto as cal\u00e7adas, quanto o acesso local estar\u00e3o liberados.<\/p>\n<p>J\u00e1 na quarta-feira (30), a interdi\u00e7\u00e3o total acontece na Rua dos Ferrovi\u00e1rios, entre as ruas Ana Am\u00e9rica e Santos Dumont. Tamb\u00e9m ser\u00e1 feita \u00e0s seis da manh\u00e3 (06h00) e tem previs\u00e3o de durar uma semana. Nesse caso, a alternativa \u00e9 pegar a Rua Ana Am\u00e9rica e a Avenida Ernesto Geisel.<\/p>\n<p><strong>Reviva Campo Grande<\/strong><\/p>\n<p>A drenagem em algumas ruas do quadril\u00e1tero central da cidade, incluindo a Rui Barbosa, faz parte do projeto que visa minimizar os alagamentos na regi\u00e3o e complementa as a\u00e7\u00f5es de requalifica\u00e7\u00e3o previstas no Programa Reviva Campo Grande. Al\u00e9m da drenagem, ser\u00e3o executados paisagismo, recapeamento, instala\u00e7\u00e3o de ilumina\u00e7\u00e3o em LED, c\u00e2meras de videomonitoramento, mobili\u00e1rio urbano, lixeiras e padroniza\u00e7\u00e3o de cal\u00e7adas. Com isso, a regi\u00e3o central, em mais de 21 quil\u00f4metros de extens\u00e3o, englobando mais de 80 quadras, passar\u00e1 por uma revitaliza\u00e7\u00e3o nunca antes executada em Campo Grande. As benfeitorias significam mais qualidade de vida ao cidad\u00e3o, com seguran\u00e7a, infraestrutura e modernidade.<\/p>\n","protected":false},"author":1,"featured_media":0,"template":"","meta":{"custom_icon_class":"","footnotes":""},"categories":[44,103],"tags":[],"class_list":["post-70617","sec-noticias","type-sec-noticias","status-publish","hentry","category-atencao","category-reviva-mais-campo-grande"],"acf":[],"_links":{"self":[{"href":"https:\/\/www.campogrande.ms.gov.br\/cgnoticias\/wp-json\/wp\/v2\/sec-noticias\/70617"}],"collection":[{"href":"https:\/\/www.campogrande.ms.gov.br\/cgnoticias\/wp-json\/wp\/v2\/sec-noticias"}],"about":[{"href":"https:\/\/www.campogrande.ms.gov.br\/cgnoticias\/wp-json\/wp\/v2\/types\/sec-noticias"}],"author":[{"embeddable":true,"href":"https:\/\/www.campogrande.ms.gov.br\/cgnoticias\/wp-json\/wp\/v2\/users\/1"}],"version-history":[{"count":1,"href":"https:\/\/www.campogrande.ms.gov.br\/cgnoticias\/wp-json\/wp\/v2\/sec-noticias\/70617\/revisions"}],"predecessor-version":[{"id":70653,"href":"https:\/\/www.campogrande.ms.gov.br\/cgnoticias\/wp-json\/wp\/v2\/sec-noticias\/70617\/revisions\/70653"}],"wp:attachment":[{"href":"https:\/\/www.campogrande.ms.gov.br\/cgnoticias\/wp-json\/wp\/v2\/media?parent=70617"}],"wp:term":[{"taxonomy":"category","embeddable":true,"href":"https:\/\/www.campogrande.ms.gov.br\/cgnoticias\/wp-json\/wp\/v2\/categories?post=70617"},{"taxonomy":"post_tag","embeddable":true,"href":"https:\/\/www.campogrande.ms.gov.br\/cgnoticias\/wp-json\/wp\/v2\/tags?post=70617"}],"curies":[{"name":"wp","href":"https:\/\/api.w.org\/{rel}","templated":true}]}}