{"id":70219,"date":"2021-06-17T16:54:08","date_gmt":"2021-06-17T20:54:08","guid":{"rendered":"https:\/\/www.campogrande.ms.gov.br\/cgnoticias\/?post_type=sec-noticias&#038;p=70219"},"modified":"2021-06-17T16:58:15","modified_gmt":"2021-06-17T20:58:15","slug":"prefeitura-recebe-doacao-de-10-cilindros-de-oxigenio-e-equipamentos-de-respiracao-assistida","status":"publish","type":"sec-noticias","link":"https:\/\/www.campogrande.ms.gov.br\/cgnoticias\/noticia\/prefeitura-recebe-doacao-de-10-cilindros-de-oxigenio-e-equipamentos-de-respiracao-assistida\/","title":{"rendered":"Prefeitura recebe doa\u00e7\u00e3o de 10 cilindros de oxig\u00eanio e equipamentos de respira\u00e7\u00e3o assistida"},"content":{"rendered":"<figure id=\"attachment_70221\" aria-describedby=\"caption-attachment-70221\" style=\"width: 300px\" class=\"wp-caption alignright\"><img fetchpriority=\"high\" decoding=\"async\" class=\"size-medium wp-image-70221\" src=\"https:\/\/prefcg-repositorio.campogrande.ms.gov.br\/wp-cdn\/uploads\/sites\/3\/2021\/06\/whatsapp-image-2021-06-17-at-152224-1-1623959055-300x200.jpeg\" alt=\"\" width=\"300\" height=\"200\" srcset=\"https:\/\/cdn.campogrande.ms.gov.br\/portal\/prod\/uploads\/sites\/3\/2021\/06\/whatsapp-image-2021-06-17-at-152224-1-1623959055-300x200.jpeg 300w, https:\/\/cdn.campogrande.ms.gov.br\/portal\/prod\/uploads\/sites\/3\/2021\/06\/whatsapp-image-2021-06-17-at-152224-1-1623959055-1024x682.jpeg 1024w, https:\/\/cdn.campogrande.ms.gov.br\/portal\/prod\/uploads\/sites\/3\/2021\/06\/whatsapp-image-2021-06-17-at-152224-1-1623959055-768x512.jpeg 768w, https:\/\/cdn.campogrande.ms.gov.br\/portal\/prod\/uploads\/sites\/3\/2021\/06\/whatsapp-image-2021-06-17-at-152224-1-1623959055.jpeg 1280w\" sizes=\"(max-width: 300px) 100vw, 300px\" \/><figcaption id=\"caption-attachment-70221\" class=\"wp-caption-text\">Secret\u00e1rio de sa\u00fade do munic\u00edpio, Jos\u00e9 Mauro Filho ao lado do presidente da FIEMS, Sergio Longen. (Foto: Michel Faustino\/SESAU)<\/figcaption><\/figure>\n<p>A Prefeitura de Campo Grande, por meio da Secretaria Municipal de Sa\u00fade (Sesau), recebeu a doa\u00e7\u00e3o de 10 cilindros de alta press\u00e3o para oxig\u00eanio medicinal de 50 litros e tr\u00eas capacetes de respira\u00e7\u00e3o assistida, popularmente conhecido como Elmo, que ser\u00e3o destinados \u00e0s unidades de urg\u00eancia e emerg\u00eancia. A assinatura do termo de doa\u00e7\u00e3o e a entrega dos materiais ocorreu na tarde desta quinta-feira (17) em ato com a presen\u00e7a do presidente da Federa\u00e7\u00e3o das Industrias de Mato Grosso do Sul (Fiems), Sergio Longen.<\/p>\n<p>&#8220;Esse \u00e9 um gesto de humanidade e que deve servir de exemplo. Atrav\u00e9s da uni\u00e3o de esfor\u00e7os n\u00f3s estamos conseguindo dar uma assist\u00eancia mais adequada \u00e0 popula\u00e7\u00e3o. Estes materiais certamente ir\u00e3o fazer toda a diferen\u00e7a l\u00e1 na ponta (unidades de sa\u00fade)&#8221;, disse o secret\u00e1rio municipal de Sa\u00fade, Jos\u00e9 Mauro Filho.<\/p>\n<p>O presidente da Fiems, Sergio Longen, destacou o bom desempenho da Prefeitura no enfrentamento \u00e0 pandemia de Covid-19, sobretudo na assist\u00eancia e no processo de vacina\u00e7\u00e3o\u00a0 e reafirmou o compromisso da institui\u00e7\u00e3o em colaborar com o munic\u00edpio nestas a\u00e7\u00f5es.<\/p>\n<p>&#8220;A uma mobiliza\u00e7\u00e3o muito grande focada nessa luta e vamos continuar dando o suporte necess\u00e1rio para que seja poss\u00edvel avan\u00e7ar ainda mais&#8221;, disse.<\/p>\n<p>A disponibiliza\u00e7\u00e3o de oxig\u00eanio nas unidades de s\u00e1ude, sobretudo nas de urg\u00eancia e emerg\u00eancia, \u00e9 essencial para o atendimento de pacientes sintom\u00e1ticos que apresentem \u00a0falta de ar e satura\u00e7\u00e3o do oxig\u00eanio no sangue abaixo de 92%.<\/p>\n<p>Um dos equipamentos a serem utilizados na assist\u00eancia deste tipo de paciente \u00e9 o Elmo, doado ao munic\u00edpio. Ele prev\u00ea a utiliza\u00e7\u00e3o de um mecanismo de respira\u00e7\u00e3o artificial n\u00e3o-invasivo, sem necessidade do paciente ser intubado, com maior seguran\u00e7a tamb\u00e9m para os profissionais da sa\u00fade.<\/p>\n<p>O capacete \u00e9 fixado no pesco\u00e7o com uma base que veda a passagem do ar. Aplica-se um fluxo de gases medicinais com oxig\u00eanio (O2) e ar comprimido capaz de gerar uma press\u00e3o positiva (acima da press\u00e3o atmosf\u00e9rica). Essa press\u00e3o ajuda em situa\u00e7\u00f5es em que o pulm\u00e3o est\u00e1 com dificuldade de oxigena\u00e7\u00e3o.<\/p>\n<p>&nbsp;<\/p>\n","protected":false},"author":1,"featured_media":70220,"template":"","meta":{"custom_icon_class":"","footnotes":""},"categories":[40],"tags":[],"class_list":["post-70219","sec-noticias","type-sec-noticias","status-publish","has-post-thumbnail","hentry","category-saude"],"acf":[],"_links":{"self":[{"href":"https:\/\/www.campogrande.ms.gov.br\/cgnoticias\/wp-json\/wp\/v2\/sec-noticias\/70219"}],"collection":[{"href":"https:\/\/www.campogrande.ms.gov.br\/cgnoticias\/wp-json\/wp\/v2\/sec-noticias"}],"about":[{"href":"https:\/\/www.campogrande.ms.gov.br\/cgnoticias\/wp-json\/wp\/v2\/types\/sec-noticias"}],"author":[{"embeddable":true,"href":"https:\/\/www.campogrande.ms.gov.br\/cgnoticias\/wp-json\/wp\/v2\/users\/1"}],"version-history":[{"count":0,"href":"https:\/\/www.campogrande.ms.gov.br\/cgnoticias\/wp-json\/wp\/v2\/sec-noticias\/70219\/revisions"}],"wp:featuredmedia":[{"embeddable":true,"href":"https:\/\/www.campogrande.ms.gov.br\/cgnoticias\/wp-json\/wp\/v2\/media\/70220"}],"wp:attachment":[{"href":"https:\/\/www.campogrande.ms.gov.br\/cgnoticias\/wp-json\/wp\/v2\/media?parent=70219"}],"wp:term":[{"taxonomy":"category","embeddable":true,"href":"https:\/\/www.campogrande.ms.gov.br\/cgnoticias\/wp-json\/wp\/v2\/categories?post=70219"},{"taxonomy":"post_tag","embeddable":true,"href":"https:\/\/www.campogrande.ms.gov.br\/cgnoticias\/wp-json\/wp\/v2\/tags?post=70219"}],"curies":[{"name":"wp","href":"https:\/\/api.w.org\/{rel}","templated":true}]}}