{"id":69292,"date":"2021-05-26T10:15:22","date_gmt":"2021-05-26T14:15:22","guid":{"rendered":"https:\/\/www.campogrande.ms.gov.br\/cgnoticias\/?post_type=sec-noticias&#038;p=69292"},"modified":"2021-05-26T11:06:55","modified_gmt":"2021-05-26T15:06:55","slug":"prefeitura-abre-pontos-de-imunizacao-a-tarde-para-repescagem-e-aplicacao-da-2a-dose-de-astrazeneca","status":"publish","type":"sec-noticias","link":"https:\/\/www.campogrande.ms.gov.br\/cgnoticias\/noticia\/prefeitura-abre-pontos-de-imunizacao-a-tarde-para-repescagem-e-aplicacao-da-2a-dose-de-astrazeneca\/","title":{"rendered":"Prefeitura abre pontos de imuniza\u00e7\u00e3o \u00e0 tarde para repescagem e aplica\u00e7\u00e3o da 2\u00aa dose de Astrazeneca"},"content":{"rendered":"<p>Nesta quarta-feira, dia 26 de maio, a Prefeitura de Campo Grande ir\u00e1 realizar a vacina\u00e7\u00e3o contra a Covid-19 em pessoas com comorbidades e com 59 anos ou mais e dar\u00e1 continuidade ao calend\u00e1rio de antecipa\u00e7\u00e3o da segunda dose de Astrazeneca para as pessoas quem se vacinou at\u00e9 o dia 26 de mar\u00e7o. Os pontos de imuniza\u00e7\u00e3o ir\u00e3o funcionar somente no per\u00edodo da tarde.<\/p>\n<p>As pessoas com comorbidades dever\u00e3o\u00a0 apresentar no ato de vacina\u00e7\u00e3o qualquer comprovante que demonstre pertencer a um dos grupos\u00a0 <strong>relacionados abaixo <\/strong>que est\u00e3o elecandos como priorit\u00e1rios no Plano Nacional de Imuniza\u00e7\u00e3o (PNI) , como exames, receitas, relat\u00f3rio m\u00e9dico e prescri\u00e7\u00e3o m\u00e9dica. Adicionalmente, poder\u00e3o ser utilizados os cadastros j\u00e1 existentes dentro das unidades de sa\u00fade.<\/p>\n<ul>\n<li>Diabetes mellitus;<\/li>\n<li>Pneumopatias cr\u00f4nicas graves;<\/li>\n<li>Hipertens\u00e3o Arterial Resistente (HAR);<\/li>\n<li>Hipertens\u00e3o arterial est\u00e1gio 3;<\/li>\n<li>Hipertens\u00e3o arterial est\u00e1gios 1 e 2 com les\u00e3o em \u00f3rg\u00e3o-alvo e\/ou comorbidade;<\/li>\n<li>Insufici\u00eancia card\u00edaca (IC);<\/li>\n<li>Cor-pulmonares\u00a0e Hipertens\u00e3o pulmonar;<\/li>\n<li>Cardiopatia hipertensiva;<\/li>\n<li>S\u00edndromes coronarianas;<\/li>\n<li>Valvopatias; Miocardiopatias e\u00a0Pericardiopatias;<\/li>\n<li>Doen\u00e7as da Aorta, dos Grandes Vasos e F\u00edstulas arteriovenosas;<\/li>\n<li>Arritmias card\u00edacas;<\/li>\n<li>Cardiopatias cong\u00eanita no adulto;<\/li>\n<li>Pr\u00f3teses valvares e Dispositivos card\u00edacos implantados;<\/li>\n<li>Doen\u00e7a cerebrovascular;<\/li>\n<li>Doen\u00e7a renal cr\u00f4nica;<\/li>\n<li>Imunossuprimidos;<\/li>\n<li>Hemoglobinopatias graves;<\/li>\n<li>Obesidade m\u00f3rbida \u00cdndice de massa corp\u00f3rea (IMC) \u2265 40;<\/li>\n<li>Cirrose hep\u00e1tica.<\/li>\n<\/ul>\n<p>O munic\u00edpio est\u00e1 recebendo durante a manh\u00e3 uma nova remessa de vacinas da Astrazeneca para dar andamento \u00e0 vacina\u00e7\u00e3o. As doses estar\u00e3o sendo distribu\u00eddas nos locais de vacina\u00e7\u00e3o ao longo da manh\u00e3.<\/p>\n<p>At\u00e9 o momento, 266.563 pessoas foram vacinadas com a primeira dose, o que representa 29,2% da popula\u00e7\u00e3o campo-grandense. Destas, 122.677 j\u00e1 receberam a segunda dose, totalizando 387.245 doses aplicadas, segundo dados parciais do &#8220;Vacin\u00f4metro&#8221;.<\/p>\n<p><strong>Onde se vacinar ?<\/strong><\/p>\n<p><strong>Seleta<\/strong>: 13h \u00e0s 16h45<\/p>\n<p><strong>Unidades de sa\u00fade<\/strong><br \/>\n13h \u00e0s 16h45<\/p>\n<p><strong>REGIAO DO LAGOA<\/strong><br \/>\nUSF Coophavila<br \/>\nUBS Buriti<\/p>\n<p><strong>REGI\u00c3O DO SEGREDO<\/strong><br \/>\nUBS Coronel Antonino<\/p>\n<p><strong>REGI\u00c3O DO PROSA<\/strong><br \/>\nUSF Nova Bahia<br \/>\nUSF Noroeste<\/p>\n<p><strong>REGI\u00c3O DO BANDEIRA<\/strong><br \/>\nUBS Universit\u00e1rio<br \/>\nUSF Moreninha<\/p>\n<p><strong>REGI\u00c3O DO ANHANDUIZINHO<\/strong><br \/>\nUBS Jockey Club<br \/>\nUSF Los Angeles<\/p>\n<p><strong>REGI\u00c3O DO IMBIRUSSU<\/strong><br \/>\nUBS Silvia Regina<br \/>\nUBS Lar do Trabalhador<\/p>\n","protected":false},"author":1,"featured_media":69299,"template":"","meta":{"custom_icon_class":"","footnotes":""},"categories":[40],"tags":[],"class_list":["post-69292","sec-noticias","type-sec-noticias","status-publish","has-post-thumbnail","hentry","category-saude"],"acf":[],"_links":{"self":[{"href":"https:\/\/www.campogrande.ms.gov.br\/cgnoticias\/wp-json\/wp\/v2\/sec-noticias\/69292"}],"collection":[{"href":"https:\/\/www.campogrande.ms.gov.br\/cgnoticias\/wp-json\/wp\/v2\/sec-noticias"}],"about":[{"href":"https:\/\/www.campogrande.ms.gov.br\/cgnoticias\/wp-json\/wp\/v2\/types\/sec-noticias"}],"author":[{"embeddable":true,"href":"https:\/\/www.campogrande.ms.gov.br\/cgnoticias\/wp-json\/wp\/v2\/users\/1"}],"version-history":[{"count":0,"href":"https:\/\/www.campogrande.ms.gov.br\/cgnoticias\/wp-json\/wp\/v2\/sec-noticias\/69292\/revisions"}],"wp:featuredmedia":[{"embeddable":true,"href":"https:\/\/www.campogrande.ms.gov.br\/cgnoticias\/wp-json\/wp\/v2\/media\/69299"}],"wp:attachment":[{"href":"https:\/\/www.campogrande.ms.gov.br\/cgnoticias\/wp-json\/wp\/v2\/media?parent=69292"}],"wp:term":[{"taxonomy":"category","embeddable":true,"href":"https:\/\/www.campogrande.ms.gov.br\/cgnoticias\/wp-json\/wp\/v2\/categories?post=69292"},{"taxonomy":"post_tag","embeddable":true,"href":"https:\/\/www.campogrande.ms.gov.br\/cgnoticias\/wp-json\/wp\/v2\/tags?post=69292"}],"curies":[{"name":"wp","href":"https:\/\/api.w.org\/{rel}","templated":true}]}}