{"id":69052,"date":"2021-05-21T12:22:34","date_gmt":"2021-05-21T16:22:34","guid":{"rendered":"https:\/\/www.campogrande.ms.gov.br\/cgnoticias\/?post_type=sec-noticias&#038;p=69052"},"modified":"2021-05-21T14:26:40","modified_gmt":"2021-05-21T18:26:40","slug":"prefeitura-abre-credenciamento-para-clinicas-veterinarias-especializadas-na-prestacao-de-servicos-de-castracao-de-caes-e-gatos","status":"publish","type":"sec-noticias","link":"https:\/\/www.campogrande.ms.gov.br\/cgnoticias\/noticia\/prefeitura-abre-credenciamento-para-clinicas-veterinarias-especializadas-na-prestacao-de-servicos-de-castracao-de-caes-e-gatos\/","title":{"rendered":"Prefeitura abre credenciamento para cl\u00ednicas veterin\u00e1rias especializadas na presta\u00e7\u00e3o de servi\u00e7os de castra\u00e7\u00e3o de c\u00e3es e gatos"},"content":{"rendered":"<p>A Prefeitura de Campo Grande publicou no Di\u00e1rio Oficial desta sexta-feira (21) o aviso de credenciamento para cl\u00ednicas veterin\u00e1rias interessadas em prestar servi\u00e7os de castra\u00e7\u00e3o de c\u00e3es e gatos em Campo Grande. O edital poder\u00e1 ser conferido\u00a0 na \u00edntegra pelo link <a href=\"http:\/\/transparencia.campogrande.ms.gov.br\/licitacoes\/\">http:\/\/transparencia.campogrande.ms.gov.br\/licitacoes\/<\/a><u>.<\/u><\/p>\n<p>As cl\u00ednicas interessadas devem verificar as instru\u00e7\u00f5es contidas no edital e entregar o envelope com as documenta\u00e7\u00f5es exigidas na Secretaria-Executiva de Compras Governamentais (SECOMP), localizada na Av. Afonso Pena, 3297, Centro, T\u00e9rreo. Poder\u00e3o ser entregues de segunda a sexta-feira, das 07h30min \u00e0s 13h30min, exceto feriados.<\/p>\n<p>Qualquer empresa do segmento exigido poder\u00e1 se inscrever, desde que comprove sua capacidade t\u00e9cnica e contemple todos os documentos exigidos no edital. Aqueles que forem selecionados ficar\u00e3o cadastrados por um per\u00edodo de um ano, seguindo aberto at\u00e9 dia 21 de maio de 2022.<\/p>\n<p>A primeira sess\u00e3o para a abertura dos envelopes ser\u00e1 no dia 16 de junho de 2021 \u00e0s 09 horas (hor\u00e1rio local) na SECOMP. Os envelopes entregues ap\u00f3s a primeira sess\u00e3o ser\u00e3o abertos mensalmente, na primeira ter\u00e7a-feira de cada m\u00eas, \u00e0s 09 horas.<\/p>\n<p>Ser\u00e3o 600 procedimentos de castra\u00e7\u00e3o por m\u00eas, que ser\u00e3o divididos da seguinte maneira: 300 c\u00e3es (150 machos e 150 f\u00eameas) e 300 gatos (150 machos e 150 f\u00eameas).<\/p>\n<p>O Programa de Manejo \u00c9tico de Controle Populacional de c\u00e3es e gatos, realizar\u00e1 as a\u00e7\u00f5es de castra\u00e7\u00e3o, visando fomentar o segmento da medicina veterin\u00e1ria da capital, oportunizando a participa\u00e7\u00e3o e presta\u00e7\u00e3o de servi\u00e7os pelas empresas especializadas do segmento, para que possam al\u00e9m de prestarem os servi\u00e7os, serem motivados a contribu\u00edrem com o bem-estar animal.<\/p>\n<p>O objetivo \u00e9 aumentar o n\u00famero de castra\u00e7\u00f5es tanto de c\u00e3es, quanto de gatos oferecidos pela administra\u00e7\u00e3o p\u00fablica. O programa atender\u00e1 exclusivamente animais que estejam em situa\u00e7\u00e3o de vulnerabilidade e abrigados em ONGS e por Protetores Independentes.<\/p>\n<p>A Subsecret\u00e1ria do Bem-Estar Animal, Ana Cristina Camargo, ressalta que as equipes trabalharam arduamente desde o ano passado, para a elabora\u00e7\u00e3o do programa, bem como do edital<em>. \u201c<\/em>Sabemos das necessidades da prote\u00e7\u00e3o animal e o credenciamento \u00e9 mais uma forma de afirmar nosso compromisso com as pol\u00edticas p\u00fablicas para o bem-estar animal. Logo tamb\u00e9m teremos mais novidades com outros editais que est\u00e3o em processo de finaliza\u00e7\u00e3o\u201d.<\/p>\n<p>Para mais informa\u00e7\u00f5es quanto ao credenciamento, os interessados podem se dirigir \u00e0 sede da Secomp, localizada na Av. Afonso Pena, 3297, centro, t\u00e9rreo. Ou entrar em contato pelo telefone 3314-3267 Ramal 2502.<\/p>\n","protected":false},"author":16,"featured_media":69058,"template":"","meta":{"custom_icon_class":"","footnotes":""},"categories":[5],"tags":[],"class_list":["post-69052","sec-noticias","type-sec-noticias","status-publish","has-post-thumbnail","hentry","category-acoes-da-prefeitura"],"acf":[],"_links":{"self":[{"href":"https:\/\/www.campogrande.ms.gov.br\/cgnoticias\/wp-json\/wp\/v2\/sec-noticias\/69052"}],"collection":[{"href":"https:\/\/www.campogrande.ms.gov.br\/cgnoticias\/wp-json\/wp\/v2\/sec-noticias"}],"about":[{"href":"https:\/\/www.campogrande.ms.gov.br\/cgnoticias\/wp-json\/wp\/v2\/types\/sec-noticias"}],"author":[{"embeddable":true,"href":"https:\/\/www.campogrande.ms.gov.br\/cgnoticias\/wp-json\/wp\/v2\/users\/16"}],"version-history":[{"count":0,"href":"https:\/\/www.campogrande.ms.gov.br\/cgnoticias\/wp-json\/wp\/v2\/sec-noticias\/69052\/revisions"}],"wp:featuredmedia":[{"embeddable":true,"href":"https:\/\/www.campogrande.ms.gov.br\/cgnoticias\/wp-json\/wp\/v2\/media\/69058"}],"wp:attachment":[{"href":"https:\/\/www.campogrande.ms.gov.br\/cgnoticias\/wp-json\/wp\/v2\/media?parent=69052"}],"wp:term":[{"taxonomy":"category","embeddable":true,"href":"https:\/\/www.campogrande.ms.gov.br\/cgnoticias\/wp-json\/wp\/v2\/categories?post=69052"},{"taxonomy":"post_tag","embeddable":true,"href":"https:\/\/www.campogrande.ms.gov.br\/cgnoticias\/wp-json\/wp\/v2\/tags?post=69052"}],"curies":[{"name":"wp","href":"https:\/\/api.w.org\/{rel}","templated":true}]}}