{"id":66894,"date":"2021-03-29T15:52:00","date_gmt":"2021-03-29T19:52:00","guid":{"rendered":"https:\/\/www.campogrande.ms.gov.br\/cgnoticias\/?post_type=sec-noticias&#038;p=66894"},"modified":"2021-03-29T17:15:58","modified_gmt":"2021-03-29T21:15:58","slug":"prefeitura-abre-vacinacao-contra-a-covid-19-para-pessoas-com-66-anos","status":"publish","type":"sec-noticias","link":"https:\/\/www.campogrande.ms.gov.br\/cgnoticias\/noticia\/prefeitura-abre-vacinacao-contra-a-covid-19-para-pessoas-com-66-anos\/","title":{"rendered":"Prefeitura abre vacina\u00e7\u00e3o contra a Covid-19 para pessoas com 66 anos"},"content":{"rendered":"<p>Nesta ter\u00e7a-feira (30), a Prefeitura de Campo Grande ir\u00e1 abrir a vacina\u00e7\u00e3o contra a Covid-19 para idosos de 66 anos. O atendimento ocorre em mais de 50 pontos de imuniza\u00e7\u00e3o espalhados pela sete regi\u00f5es urbanas e distritos do Munic\u00edpio.<\/p>\n<p>A estimativa \u00e9 vacinar 5.330 pessoas nesta faixa et\u00e1ria, segundo levantamento da Secretaria Municipal de Sa\u00fade (Sesau). Nesta segunda-feira, est\u00e1 sendo finalizada a imuniza\u00e7\u00e3o de idosos com 67 anos ou mais e de pessoas com comorbidades e defici\u00eancias espec\u00edficas.\u00a0 A vacina\u00e7\u00e3o deste p\u00fablico foi iniciada no s\u00e1bado (27) e at\u00e9 o momento j\u00e1 foram imunizadas quase 4\u00a0 mil pessoas.<\/p>\n<p>Na sexta-feira, Campo Grande recebeu aproximadamente 17 mil doses das vacinas Coronavac e Astrazeneca para dar prosseguimento a campanha de vacina\u00e7\u00e3o emergencial contra a Covid-19.\u00a0 Do dia 19 de janeiro at\u00e9 29 de mar\u00e7o, foram imunizadas 98.711\u00a0 pessoas na Capital, sendo que 25.893 j\u00e1 receberam a segunda dose, totalizando 124.604 doses aplicadas, conforme dados parciais do &#8220;<a href=\"https:\/\/www.campogrande.ms.gov.br\/sesau\/vacinacg\">Vacin\u00f4metro<\/a>&#8220;.<\/p>\n<p><strong>Locais de vacina\u00e7\u00e3o<\/strong><\/p>\n<ul>\n<li><strong>Drive-Thru<\/strong><br \/>\nParque Ayrton Senna<br \/>\n<strong>7h30 \u00e0s 17h30<\/strong><\/li>\n<li><strong>Seleta<\/strong><br \/>\nRua\u00a0Dolor\u00a0Ferreira de Andrade, 270 \u2013 Centro<br \/>\n<strong>7h30 \u00e0s 17h<\/strong><\/li>\n<li><strong>Centro de Vacina\u00e7\u00e3o<\/strong><br \/>\nGin\u00e1sio\u00a0Guanandiz\u00e3o\u00a0\u2013 acesso pela Travessa Touro<br \/>\n<strong>7h30 \u00e0s 17h<\/strong><\/li>\n<\/ul>\n<p><strong>IMPCG<\/strong><\/p>\n<p>Rua Orfeu Ba\u00eds, 77 &#8211; Amamba\u00ed<\/p>\n<p><strong>7h30 \u00e0s 16h30<\/strong><\/p>\n<p><strong>Unidades de sa\u00fade<\/strong><\/p>\n<p><strong>13h \u00e0s 17h<\/strong><\/p>\n<p><strong>Centro\u00a0<\/strong><\/p>\n<p>Usf\u00a0Vila Corumb\u00e1<\/p>\n<p>Usf\u00a0Vila Carvalho<\/p>\n<p>&nbsp;<\/p>\n<p><strong>Prosa\u00a0<\/strong><\/p>\n<p>Usf\u00a0Mata Do Jacinto<\/p>\n<p>Usf\u00a0Estrela\u00a0Dalva<\/p>\n<p>Usf\u00a0Marab\u00e1<\/p>\n<p>Usf\u00a0Noroeste<\/p>\n<p>Usf\u00a0Nova Bahia<\/p>\n<p>&nbsp;<\/p>\n<p><strong>Imbirussu\u00a0<\/strong><\/p>\n<p>&nbsp;<\/p>\n<p>Usf\u00a0Albino Coimbra<\/p>\n<p>Ubs\u00a0Silvia Regina<\/p>\n<p>Ubs\u00a0Lar Do\u00a0Trabalhador<\/p>\n<p>Usf\u00a0Indubrasil<\/p>\n<p>Usf\u00a0Z\u00e9 Pereira<\/p>\n<p>Usf\u00a0Aero\u00a0Italia<\/p>\n<p>Usf\u00a0Serradinho<\/p>\n<p>Ubs\u00a0Popular<\/p>\n<p>Usf S\u00edrio Liban\u00eas<\/p>\n<p><strong>Anhanduizinho\u00a0<\/strong><\/p>\n<p>Usf\u00a0Botafogo<\/p>\n<p>Usb Dona Neta<\/p>\n<p>Cl\u00ednica Da Fam\u00edlia\u00a0Iracy\u00a0Coelho<\/p>\n<p>Usf\u00a0Parque Do Sol<\/p>\n<p>Ubs\u00a0Aero Rancho<\/p>\n<p>Usf\u00a0Anhandu\u00ed<\/p>\n<p>Usf\u00a0Dom\u00a0Antonio<\/p>\n<p>Usf\u00a0Macaubas<\/p>\n<p>Usf\u00a0Paulo Coelho<\/p>\n<p>Ubs\u00a0Pioneira<\/p>\n<p>Usf\u00a0Jockey Club<\/p>\n<p>Usf Los Angeles<\/p>\n<p>&nbsp;<\/p>\n<p><strong>Lagoa\u00a0<\/strong><\/p>\n<p>Ubs\u00a0Cai\u00e7ara<\/p>\n<p>Usf\u00a0Buriti<\/p>\n<p>Usf\u00a0Batist\u00e3o<\/p>\n<p>Usf\u00a0Tarum\u00e3<\/p>\n<p>Usf\u00a0Oliveira<\/p>\n<p>Cl\u00ednica Da Fam\u00edlia Portal\u00a0Caiob\u00e1<\/p>\n<p>Usf\u00a0Coophavilla<\/p>\n<p>Usf\u00a0Ant\u00e1rtica<\/p>\n<p>Usf\u00a0S\u00e3o Conrado<\/p>\n<p>Usf Vila Fernanda<\/p>\n<p>&nbsp;<\/p>\n<p><strong>Segredo\u00a0<\/strong><\/p>\n<p>Ubs Cel. Antonino<\/p>\n<p>Usf\u00a0S\u00e3o\u00a0Francisco<\/p>\n<p>Usf\u00a0Vila Nasser<\/p>\n<p>Ubs\u00a0Estrela Do Sul<\/p>\n<p>Usf\u00a0Paradiso<\/p>\n<p>Usf\u00a0Jos\u00e9 Tavares<\/p>\n<p>Cl\u00ednica Da Fam\u00edlia Nova Lima<\/p>\n<p>Usf\u00a0Vida Nova<\/p>\n<p>Usf\u00a0Jd\u00a0Azaleia<\/p>\n<p>Usf\u00a0Vila Cox<\/p>\n<p>&nbsp;<\/p>\n<p><strong>Bandeira\u00a0<\/strong><\/p>\n<p>Usf Moreninha<\/p>\n<p>Usf Itamaraca<\/p>\n<p>Usf Mape<\/p>\n<p>Ubs Carlota<\/p>\n<p>Usf Arnaldo<\/p>\n<p>Usf Universit\u00e1rio<\/p>\n<p>Usf\u00a0Cristo Redentor<\/p>\n","protected":false},"author":1,"featured_media":66896,"template":"","meta":{"custom_icon_class":"","footnotes":""},"categories":[40],"tags":[],"class_list":["post-66894","sec-noticias","type-sec-noticias","status-publish","has-post-thumbnail","hentry","category-saude"],"acf":[],"_links":{"self":[{"href":"https:\/\/www.campogrande.ms.gov.br\/cgnoticias\/wp-json\/wp\/v2\/sec-noticias\/66894"}],"collection":[{"href":"https:\/\/www.campogrande.ms.gov.br\/cgnoticias\/wp-json\/wp\/v2\/sec-noticias"}],"about":[{"href":"https:\/\/www.campogrande.ms.gov.br\/cgnoticias\/wp-json\/wp\/v2\/types\/sec-noticias"}],"author":[{"embeddable":true,"href":"https:\/\/www.campogrande.ms.gov.br\/cgnoticias\/wp-json\/wp\/v2\/users\/1"}],"version-history":[{"count":0,"href":"https:\/\/www.campogrande.ms.gov.br\/cgnoticias\/wp-json\/wp\/v2\/sec-noticias\/66894\/revisions"}],"wp:featuredmedia":[{"embeddable":true,"href":"https:\/\/www.campogrande.ms.gov.br\/cgnoticias\/wp-json\/wp\/v2\/media\/66896"}],"wp:attachment":[{"href":"https:\/\/www.campogrande.ms.gov.br\/cgnoticias\/wp-json\/wp\/v2\/media?parent=66894"}],"wp:term":[{"taxonomy":"category","embeddable":true,"href":"https:\/\/www.campogrande.ms.gov.br\/cgnoticias\/wp-json\/wp\/v2\/categories?post=66894"},{"taxonomy":"post_tag","embeddable":true,"href":"https:\/\/www.campogrande.ms.gov.br\/cgnoticias\/wp-json\/wp\/v2\/tags?post=66894"}],"curies":[{"name":"wp","href":"https:\/\/api.w.org\/{rel}","templated":true}]}}