{"id":45355,"date":"2019-08-06T10:47:01","date_gmt":"2019-08-06T14:47:01","guid":{"rendered":"https:\/\/www.campogrande.ms.gov.br\/cgnoticias\/?post_type=sec-noticias&#038;p=45355"},"modified":"2019-08-07T08:45:15","modified_gmt":"2019-08-07T12:45:15","slug":"prefeitura-licita-obras-para-concluir-primeira-etapa-do-centro-de-belas-artes","status":"publish","type":"sec-noticias","link":"https:\/\/www.campogrande.ms.gov.br\/cgnoticias\/noticia\/prefeitura-licita-obras-para-concluir-primeira-etapa-do-centro-de-belas-artes\/","title":{"rendered":"Prefeitura licita obras para concluir primeira etapa do Centro de Belas Artes"},"content":{"rendered":"<p>A Prefeitura de Campo Grande\u00a0 lan\u00e7ou edital de licita\u00e7\u00e3o para concluir a \u00a0primeira etapa da obra\u00a0 do Centro de Belas Artes, lan\u00e7ada em 2010, \u00a0onde j\u00e1 foram investidos \u00a0R$ 6,8 milh\u00f5es (recursos federais e mais contrapartida).<\/p>\n<p>Ano passado, o prefeito Marquinhos Trad\u00a0 renovou um Termo de Ajustamento de Conduta (TAC) com a 31\u00aa Promotoria de Justi\u00e7a do Patrim\u00f4nio P\u00fablico, que foi firmado inicialmente em 2008, para conclus\u00e3o da obra at\u00e9 2020. As propostas das empresas participantes ser\u00e3o abertas no pr\u00f3ximo dia 8 de setembro.<\/p>\n<p><img fetchpriority=\"high\" decoding=\"async\" class=\"  wp-image-45402 alignleft\" src=\"https:\/\/prefcg-repositorio.campogrande.ms.gov.br\/wp-cdn\/uploads\/sites\/3\/2019\/08\/IMG_1565-Copy-1024x683.jpg\" alt=\"IMG_1565 (Copy)\" width=\"419\" height=\"279\" srcset=\"https:\/\/cdn.campogrande.ms.gov.br\/portal\/prod\/uploads\/sites\/3\/2019\/08\/IMG_1565-Copy-1024x683.jpg 1024w, https:\/\/cdn.campogrande.ms.gov.br\/portal\/prod\/uploads\/sites\/3\/2019\/08\/IMG_1565-Copy-300x200.jpg 300w, https:\/\/cdn.campogrande.ms.gov.br\/portal\/prod\/uploads\/sites\/3\/2019\/08\/IMG_1565-Copy.jpg 1300w\" sizes=\"(max-width: 419px) 100vw, 419px\" \/>Para concluir e deixar em condi\u00e7\u00f5es de funcionamento\u00a0 \u00a0os 4.357,33 metros quadrados de \u00e1rea constru\u00edda do Centro de Belas Artes, ,\u00a0 ser\u00e3o investidos R$ 4,4 milh\u00f5es, valor que pode ser reduzido com a disputa entre participantes da concorr\u00eancia p\u00fablica. O recurso \u00e9 parcela de um financiamento de R$ 11 milh\u00f5es que a Prefeitura contratou no final do ano passado.<\/p>\n<p>Segundo o secret\u00e1rio de Infraestrutura e Servi\u00e7os P\u00fablicos, Rudi Fiorese, a \u00e1rea que ser\u00e1 conclu\u00edda corresponde a 28% dos 16 mil metros de estrutura,\u00a0 projetado num pr\u00e9dio inacabado, constru\u00eddo nos anos 90 pelo Governo do Estado, na regi\u00e3o do Bairro Cabre\u00fava, para ser uma esta\u00e7\u00e3o rodovi\u00e1ria.<\/p>\n<p>No curto prazo, a Prefeitura n\u00e3o tem capacidade financeira para concluir toda a estrutura, que custaria, aproximadamente, R$ 16 milh\u00f5es. Se a obra n\u00e3o fosse retomada, de acordo com o secret\u00e1rio, a Prefeitura teria que\u00a0devolver ao \u00a0Minist\u00e9rio do Turismo,\u00a0 aproximadamente, R$ 10 milh\u00f5es, em valores corrigidos.<\/p>\n<p>\u201cAno passado, foi firmado compromisso com o Minist\u00e9rio \u00a0de concluir parte do pr\u00e9dio, com recursos pr\u00f3prios. Em contrapartida, seria encerrado o conv\u00eanio sem necessidade de ressarcimento do dinheiro liberado\u201d, explica Rude. Al\u00e9m disso, o prefeito Marquinhos Trad teve de fazer v\u00e1rias viagens a Bras\u00edlia e reuniu-se com v\u00e1rios ministros para garantir a solu\u00e7\u00e3o que n\u00e3o trouxesse\u00a0 preju\u00edzo \u00e0 cidade.<\/p>\n<p>At\u00e9 que se chegasse ao or\u00e7amento previsto na licita\u00e7\u00e3o, foram quase seis meses de trabalho para fechar uma planilha com mais de 200 p\u00e1ginas. Como a constru\u00e7\u00e3o est\u00e1 parada h\u00e1 mais de oito anos, a estrutura foi alvo de vandalismo e assim, muito coisa ter\u00e1 de ser refeita.<\/p>\n<p>O projeto foi readequado\u00a0 pelos arquitetos da SISEP\u00a0 com interven\u00e7\u00f5es\u00a0 no subsolo, com 1.496,36, onde, em princ\u00edpio, poder\u00e1 funcionar o Arquivo Hist\u00f3rico Municipal e o 1\u00ba andar, com 2.860.97 metros quadrados, que poderia abrigar a Secretaria de Cultura e Turismo.<\/p>\n<p>No subsolo, h\u00e1 espa\u00e7o para o acervo\u00a0 do arquivo municipal e biblioteca. No 1\u00ba andar est\u00e3o previstas salas de dan\u00e7a;\u00a0 duas salas de multiuso (uma delas com 650 lugares) e um audit\u00f3rio\u00a0 com 124 lugares.\u00a0 O projeto contempla ainda um p\u00f3rtico de entrada; estrutura para separar\u00a0 a estrutura que ser\u00e1 reformada do restante do pr\u00e9dio inacabado, pavimenta\u00e7\u00e3o do p\u00e1tio e base de apoio da Guarda Municipal.<\/p>\n<p><strong>Parceria P\u00fablico-Privada<\/strong><\/p>\n<p>Junto com a conclus\u00e3o desta primeira etapa do Belas Artes, a Prefeitura vai trabalhar na constru\u00e7\u00e3o de uma parceria p\u00fablico-privada que garanta a conclus\u00e3o e o aproveitamento do restante da estrutura (11.642,67 metros quadrados).<\/p>\n<p>&nbsp;<\/p>\n","protected":false},"author":16,"featured_media":45401,"template":"","meta":{"custom_icon_class":"","footnotes":""},"categories":[5],"tags":[],"class_list":["post-45355","sec-noticias","type-sec-noticias","status-publish","has-post-thumbnail","hentry","category-acoes-da-prefeitura"],"acf":[],"_links":{"self":[{"href":"https:\/\/www.campogrande.ms.gov.br\/cgnoticias\/wp-json\/wp\/v2\/sec-noticias\/45355"}],"collection":[{"href":"https:\/\/www.campogrande.ms.gov.br\/cgnoticias\/wp-json\/wp\/v2\/sec-noticias"}],"about":[{"href":"https:\/\/www.campogrande.ms.gov.br\/cgnoticias\/wp-json\/wp\/v2\/types\/sec-noticias"}],"author":[{"embeddable":true,"href":"https:\/\/www.campogrande.ms.gov.br\/cgnoticias\/wp-json\/wp\/v2\/users\/16"}],"version-history":[{"count":0,"href":"https:\/\/www.campogrande.ms.gov.br\/cgnoticias\/wp-json\/wp\/v2\/sec-noticias\/45355\/revisions"}],"wp:featuredmedia":[{"embeddable":true,"href":"https:\/\/www.campogrande.ms.gov.br\/cgnoticias\/wp-json\/wp\/v2\/media\/45401"}],"wp:attachment":[{"href":"https:\/\/www.campogrande.ms.gov.br\/cgnoticias\/wp-json\/wp\/v2\/media?parent=45355"}],"wp:term":[{"taxonomy":"category","embeddable":true,"href":"https:\/\/www.campogrande.ms.gov.br\/cgnoticias\/wp-json\/wp\/v2\/categories?post=45355"},{"taxonomy":"post_tag","embeddable":true,"href":"https:\/\/www.campogrande.ms.gov.br\/cgnoticias\/wp-json\/wp\/v2\/tags?post=45355"}],"curies":[{"name":"wp","href":"https:\/\/api.w.org\/{rel}","templated":true}]}}