{"id":43259,"date":"2019-06-28T14:20:39","date_gmt":"2019-06-28T18:20:39","guid":{"rendered":"https:\/\/www.campogrande.ms.gov.br\/cgnoticias\/?post_type=sec-noticias&#038;p=43259"},"modified":"2019-06-28T14:20:39","modified_gmt":"2019-06-28T18:20:39","slug":"julho-amarelo-unidades-de-saude-reforcam-orientacoes-e-testagens-para-detectar-hepatites-b-e-c","status":"publish","type":"sec-noticias","link":"https:\/\/www.campogrande.ms.gov.br\/cgnoticias\/noticia\/julho-amarelo-unidades-de-saude-reforcam-orientacoes-e-testagens-para-detectar-hepatites-b-e-c\/","title":{"rendered":"Julho amarelo: Unidades de sa\u00fade refor\u00e7am orienta\u00e7\u00f5es e testagens para detectar hepatites B e C"},"content":{"rendered":"<p>Todos os anos, o m\u00eas de julho \u00e9 marcado por mais uma mobiliza\u00e7\u00e3o da sociedade, com a\u00e7\u00f5es voltadas \u00e0 preven\u00e7\u00e3o dos diversos casos de hepatites. Nos 31 dias do chamado \u201cJulho Amarelo\u201d, as unidades b\u00e1sicas de sa\u00fade (UBS) e de sa\u00fade da fam\u00edlia (UBSF) de Campo Grande v\u00e3o intensificar as informa\u00e7\u00f5es\u00a0\u00e0 popula\u00e7\u00e3o quanto a import\u00e2ncia do diagn\u00f3stico precoce destas infec\u00e7\u00f5es que podem ser transmitidas pela rela\u00e7\u00e3o sexual desprotegida.<\/p>\n<p>A partir de iniciativa e propostas brasileiras, a Organiza\u00e7\u00e3o Mundial de Sa\u00fade (OMS), durante Assembleia Mundial da Sa\u00fade realizada em maio de 2010, instituiu a data de 28 de julho como o Dia Mundial de Luta Contra as Hepatites Virais.<\/p>\n<p>A testagem r\u00e1pida para as hepatites B e C est\u00e1 dispon\u00edvel nas 68 UBS e UBSF \u00e9 a maneira precoce para o diagn\u00f3stico da doen\u00e7a. Para saber se h\u00e1 a necessidade de realizar os exames que detectem as hepatites observe se voc\u00ea j\u00e1 se exp\u00f4s a seguinte situa\u00e7\u00e3o:<\/p>\n<ul>\n<li><strong>Transmiss\u00e3o sangu\u00ednea:<\/strong>praticou sexo desprotegido, compartilhou\u00a0seringas, agulhas, l\u00e2minas de barbear, alicates de unha e outros objetos que furam ou cortam; da m\u00e3e para o filho durante a gravidez, o parto e a amamenta\u00e7\u00e3o e transfus\u00e3o sangu\u00ednea antes de 1993 (v\u00edrus B,C e D)<\/li>\n<\/ul>\n<p>No caso das hepatites B e C \u00e9 preciso um intervalo de 60 dias para que os anticorpos sejam detectados no exame de sangue.<\/p>\n<p><strong>Vacina<br \/>\n<\/strong>As UBSs e UBSFs realizam a vacina\u00e7\u00e3o contra as hepatites A e B. A vacina para hepatite A \u00e9 aplicada nas crian\u00e7as at\u00e9 os 12 meses de vida. J\u00e1 para a hepatite B \u00e9 administrada ao nascer e pode, tamb\u00e9m, ser realizado o esquema vacinal com tr\u00eas doses em qualquer idade, incluindo adolescentes, adultos, idosos e gestantes.<\/p>\n<p><strong>Dados<br \/>\n<\/strong>A partir de 2017 foi ampliada a oferta do teste r\u00e1pido de detec\u00e7\u00e3o das infec\u00e7\u00f5es sexualmente transmiss\u00edveis (ISTs) passando de duas para as 68 unidades b\u00e1sicas de sa\u00fade. Desde ent\u00e3o, houve um aumento de casos de hepatites. Em 2016 foram 25 notifica\u00e7\u00f5es do tipo B e 38 do C. Em 2017, passou para 54 e 60, respectivamente. J\u00e1 em 2018, os n\u00fameros permaneceram dentro da faixa, totalizando 65 e 124. At\u00e9 o momento em 2019, foram notificados 15 casos de hepatite B e 27 do tipo C.<\/p>\n<p><strong>Hepatites<br \/>\n<\/strong>As hepatites s\u00e3o um grave problema de sa\u00fade p\u00fablica no Brasil e no mundo. Elas causam a inflama\u00e7\u00e3o do f\u00edgado por meio de v\u00edrus, uso de alguns rem\u00e9dios, \u00e1lcool e outras drogas, al\u00e9m de doen\u00e7as autoimunes, metab\u00f3licas e gen\u00e9ticas. S\u00e3o doen\u00e7as silenciosas que nem sempre apresentam sintomas, mas quando aparecem podem apresentar cansa\u00e7o, febre, mal-estar, tontura, enjoo, v\u00f4mitos, dor abdominal, pele e olhos amarelados, urina escura e fezes claras.<\/p>\n<p>No Brasil, as hepatites virais mais comuns s\u00e3o as causadas pelos v\u00edrus A, B e C. Existem, ainda, os v\u00edrus D e E, esse \u00faltimo mais frequente na \u00c1frica e na \u00c1sia. Milh\u00f5es de pessoas no Brasil s\u00e3o portadoras dos v\u00edrus B ou C e n\u00e3o sabem. Elas correm o risco de as doen\u00e7as evolu\u00edrem (tornarem-se cr\u00f4nicas) e causarem danos mais graves ao f\u00edgado como cirrose e c\u00e2ncer. Por isso, \u00e9 importante ir ao m\u00e9dico regularmente e fazer os exames de rotina que detectam a hepatite.<\/p>\n<p>A evolu\u00e7\u00e3o das hepatites varia conforme o tipo de v\u00edrus. Os v\u00edrus A e E apresentam apenas formas agudas de hepatite (n\u00e3o possuindo potencial para formas cr\u00f4nicas). Isto quer dizer que, ap\u00f3s uma hepatite A ou E, o indiv\u00edduo pode se recuperar completamente, eliminando o v\u00edrus de seu organismo.<\/p>\n<p>Por outro lado, as hepatites causadas pelos v\u00edrus B, C e D podem apresentar tanto formas agudas, quanto cr\u00f4nicas de infec\u00e7\u00e3o, quando a doen\u00e7a persiste no organismo por mais de seis meses.<\/p>\n<p>As hepatites virais s\u00e3o doen\u00e7as de notifica\u00e7\u00e3o compuls\u00f3ria, ou seja, cada ocorr\u00eancia deve ser notificada por um profissional de sa\u00fade. Esse registro \u00e9 importante para mapear os casos de hepatites e ajuda a tra\u00e7ar diretrizes de pol\u00edticas p\u00fablicas no setor.<\/p>\n<p>A hepatite B n\u00e3o tem cura, por\u00e9m existe a preven\u00e7\u00e3o por meio da vacina\u00e7\u00e3o. J\u00e1 a hepatite C t\u00eam cura e o indiv\u00edduo pode reinfectar-se caso n\u00e3o adotes as medidas de preven\u00e7\u00e3o, mas n\u00e3o existe vacina.<\/p>\n<p><strong>Programa\u00e7\u00e3o (provis\u00f3ria)<\/strong><\/p>\n<p>Distrito Segredo<\/p>\n<ul>\n<li>Ubsf Jose Tavares: 24\/7<\/li>\n<li>Ubsf Jd Azaleia: 10\/7<\/li>\n<li>Ubsf Jd Seminario: 26\/7<\/li>\n<li>Ubsf Nova Lima: 25\/7<\/li>\n<li>Ubsf S\u00e3o Benedito: 26\/7<\/li>\n<li>Ubsf Vida Nova: 29\/7<\/li>\n<li>Ubsf Vila Cox: 26\/07<\/li>\n<li>Ubsf Vila Nasser: 05\/7<\/li>\n<\/ul>\n<p>&nbsp;<\/p>\n<p>Distrito Lagoa<\/p>\n<ul>\n<li>Bonan\u00e7a 25\/07<\/li>\n<li>Tarum\u00e3 09\/07<\/li>\n<li>Batist\u00e3o 11\/07<\/li>\n<li>Coophavila 11\/07<\/li>\n<li>Portal 26\/07<\/li>\n<\/ul>\n<p>&nbsp;<\/p>\n<p>Imbirussu<\/p>\n<ul>\n<li>Popular 24\/07<\/li>\n<li>Agu\u00e3o 10\/07<\/li>\n<li>Ana Maria do Couto 23\/07<\/li>\n<\/ul>\n","protected":false},"author":1,"featured_media":29836,"template":"","meta":{"custom_icon_class":"","footnotes":""},"categories":[40],"tags":[],"class_list":["post-43259","sec-noticias","type-sec-noticias","status-publish","has-post-thumbnail","hentry","category-saude"],"acf":[],"_links":{"self":[{"href":"https:\/\/www.campogrande.ms.gov.br\/cgnoticias\/wp-json\/wp\/v2\/sec-noticias\/43259"}],"collection":[{"href":"https:\/\/www.campogrande.ms.gov.br\/cgnoticias\/wp-json\/wp\/v2\/sec-noticias"}],"about":[{"href":"https:\/\/www.campogrande.ms.gov.br\/cgnoticias\/wp-json\/wp\/v2\/types\/sec-noticias"}],"author":[{"embeddable":true,"href":"https:\/\/www.campogrande.ms.gov.br\/cgnoticias\/wp-json\/wp\/v2\/users\/1"}],"version-history":[{"count":0,"href":"https:\/\/www.campogrande.ms.gov.br\/cgnoticias\/wp-json\/wp\/v2\/sec-noticias\/43259\/revisions"}],"wp:featuredmedia":[{"embeddable":true,"href":"https:\/\/www.campogrande.ms.gov.br\/cgnoticias\/wp-json\/wp\/v2\/media\/29836"}],"wp:attachment":[{"href":"https:\/\/www.campogrande.ms.gov.br\/cgnoticias\/wp-json\/wp\/v2\/media?parent=43259"}],"wp:term":[{"taxonomy":"category","embeddable":true,"href":"https:\/\/www.campogrande.ms.gov.br\/cgnoticias\/wp-json\/wp\/v2\/categories?post=43259"},{"taxonomy":"post_tag","embeddable":true,"href":"https:\/\/www.campogrande.ms.gov.br\/cgnoticias\/wp-json\/wp\/v2\/tags?post=43259"}],"curies":[{"name":"wp","href":"https:\/\/api.w.org\/{rel}","templated":true}]}}