{"id":42690,"date":"2019-06-16T07:55:03","date_gmt":"2019-06-16T11:55:03","guid":{"rendered":"https:\/\/www.campogrande.ms.gov.br\/cgnoticias\/?post_type=sec-noticias&#038;p=42690"},"modified":"2019-06-12T15:17:43","modified_gmt":"2019-06-12T19:17:43","slug":"dialogo-de-outono-discutira-as-boas-praticas-na-gestao-de-unidades-de-conservacao","status":"publish","type":"sec-noticias","link":"https:\/\/www.campogrande.ms.gov.br\/cgnoticias\/noticia\/dialogo-de-outono-discutira-as-boas-praticas-na-gestao-de-unidades-de-conservacao\/","title":{"rendered":"Di\u00e1logo de Outono discutir\u00e1 as boas pr\u00e1ticas na gest\u00e3o de Unidades de Conserva\u00e7\u00e3o"},"content":{"rendered":"<p>A Prefeitura Municipal de Campo Grande, por interm\u00e9dio da Ag\u00eancia Municipal de Meio Ambiente e Planejamento Urbano (Planurb), realizar\u00e1 mais uma edi\u00e7\u00e3o do Projeto Di\u00e1logos, que tem como objetivo promover a reflex\u00e3o sobre assuntos voltados \u00e0 tem\u00e1tica ambiental durante as quatro esta\u00e7\u00f5es do ano.<\/p>\n<p>O evento acontecer\u00e1 no dia 18 de junho de 2019, ter\u00e7a-feira, \u00e0s 8h30, no Audit\u00f3rio Shirley Palmeira, localizado no Instituto de Meio Ambiente de Mato Grosso do Sul (IMASUL), na Avenida Desembargador Le\u00e3o Neto do Carmo, s\/n &#8211; Parque dos Poderes, Campo Grande &#8211; MS.<\/p>\n<p>O tema da edi\u00e7\u00e3o de outono deste ano ser\u00e1 \u201cBoas pr\u00e1ticas na gest\u00e3o de Unidades de Conserva\u00e7\u00e3o\u201d, que abordar\u00e1: a relev\u00e2ncia ambiental, social e econ\u00f4mica das Unidades de Conserva\u00e7\u00e3o para o Munic\u00edpio de Campo Grande; a import\u00e2ncia dos Conselhos Gestores das Unidades de Conserva\u00e7\u00e3o; ICMS Ecol\u00f3gico; e os desafios das Unidades de Conserva\u00e7\u00e3o de uso sustent\u00e1vel. Al\u00e9m disso, contar\u00e1 com exposi\u00e7\u00e3o de fotos relacionadas ao meio ambiente.<\/p>\n<p>O diretor de Planejamento Ambiental da Planurb, Rodrigo Giansante, explica que o Munic\u00edpio de Campo Grande possui seis unidades de conserva\u00e7\u00e3o institu\u00eddas.<\/p>\n<p>\u201cNosso munic\u00edpio possui seis unidades de conserva\u00e7\u00e3o institu\u00eddas, sendo tr\u00eas sob a gest\u00e3o municipal. Essas \u00e1reas possuem relev\u00e2ncia ambiental, pois atuam como corredores de biodiversidade e influenciam no microclima local\u201d, destaca o diretor.<\/p>\n<p><img fetchpriority=\"high\" decoding=\"async\" class=\"  wp-image-42692 alignleft\" src=\"https:\/\/prefcg-repositorio.campogrande.ms.gov.br\/wp-cdn\/uploads\/sites\/3\/2019\/06\/Di\u00e1logo-de-Outono-724x1024.jpg\" alt=\"Di\u00e1logo de Outono\" width=\"895\" height=\"1266\" srcset=\"https:\/\/cdn.campogrande.ms.gov.br\/portal\/prod\/uploads\/sites\/3\/2019\/06\/Di\u00e1logo-de-Outono-724x1024.jpg 724w, https:\/\/cdn.campogrande.ms.gov.br\/portal\/prod\/uploads\/sites\/3\/2019\/06\/Di\u00e1logo-de-Outono-212x300.jpg 212w, https:\/\/cdn.campogrande.ms.gov.br\/portal\/prod\/uploads\/sites\/3\/2019\/06\/Di\u00e1logo-de-Outono.jpg 905w\" sizes=\"(max-width: 895px) 100vw, 895px\" \/><\/p>\n<p><strong>Unidades de Conserva\u00e7\u00e3o<\/strong><\/p>\n<p>\u00c1rea de Prote\u00e7\u00e3o Ambiental dos Mananciais do C\u00f3rrego Guariroba (APA do Guariroba), \u00c1rea de Prote\u00e7\u00e3o Ambiental dos Mananciais do C\u00f3rrego Lajeado (APA do Lajeado) e \u00c1rea de Prote\u00e7\u00e3o Ambiental da Bacia do C\u00f3rrego Ceroula (APA do Ceroula); 2 (duas) sob a gest\u00e3o estadual: Parque Estadual Matas do Segredo e Parque Estadual do Prosa; e uma no \u00e2mbito federal: Reserva Particular de Patrim\u00f4nio Natural da Universidade Federal de Mato Grosso do Sul (RPPN UFMSApoiam o evento: IMASUL, Mupan &#8211; Mulheres em A\u00e7\u00e3o no Pantanal, WWF-Brasil, Ecoa &#8211; Ecologia e A\u00e7\u00e3o e do Projeto de Extens\u00e3o Click Verde da Universidade Cat\u00f3lica Dom Bosco (UCDB).<\/p>\n<p>Unidade de Conserva\u00e7\u00e3o &#8211; espa\u00e7os territoriais e seus recursos ambientais com caracter\u00edsticas naturais relevantes, legalmente institu\u00eddas pelo Poder P\u00fablico, com objetivos de conserva\u00e7\u00e3o, as quais se aplicam garantias adequadas de prote\u00e7\u00e3o.<\/p>\n<p>A legisla\u00e7\u00e3o brasileira que trata de unidades de conserva\u00e7\u00e3o \u00e9 a Lei n. 9.985, de 18 de julho de 2000, que institui o Sistema Nacional de Unidades de Conserva\u00e7\u00e3o da Natureza (SNUC), estabelecendo crit\u00e9rios e normas para cria\u00e7\u00e3o, implanta\u00e7\u00e3o e gest\u00e3o das unidades de conserva\u00e7\u00e3o.<\/p>\n","protected":false},"author":1,"featured_media":42691,"template":"","meta":{"custom_icon_class":"","footnotes":""},"categories":[20],"tags":[],"class_list":["post-42690","sec-noticias","type-sec-noticias","status-publish","has-post-thumbnail","hentry","category-meio-ambiente"],"acf":[],"_links":{"self":[{"href":"https:\/\/www.campogrande.ms.gov.br\/cgnoticias\/wp-json\/wp\/v2\/sec-noticias\/42690"}],"collection":[{"href":"https:\/\/www.campogrande.ms.gov.br\/cgnoticias\/wp-json\/wp\/v2\/sec-noticias"}],"about":[{"href":"https:\/\/www.campogrande.ms.gov.br\/cgnoticias\/wp-json\/wp\/v2\/types\/sec-noticias"}],"author":[{"embeddable":true,"href":"https:\/\/www.campogrande.ms.gov.br\/cgnoticias\/wp-json\/wp\/v2\/users\/1"}],"version-history":[{"count":0,"href":"https:\/\/www.campogrande.ms.gov.br\/cgnoticias\/wp-json\/wp\/v2\/sec-noticias\/42690\/revisions"}],"wp:featuredmedia":[{"embeddable":true,"href":"https:\/\/www.campogrande.ms.gov.br\/cgnoticias\/wp-json\/wp\/v2\/media\/42691"}],"wp:attachment":[{"href":"https:\/\/www.campogrande.ms.gov.br\/cgnoticias\/wp-json\/wp\/v2\/media?parent=42690"}],"wp:term":[{"taxonomy":"category","embeddable":true,"href":"https:\/\/www.campogrande.ms.gov.br\/cgnoticias\/wp-json\/wp\/v2\/categories?post=42690"},{"taxonomy":"post_tag","embeddable":true,"href":"https:\/\/www.campogrande.ms.gov.br\/cgnoticias\/wp-json\/wp\/v2\/tags?post=42690"}],"curies":[{"name":"wp","href":"https:\/\/api.w.org\/{rel}","templated":true}]}}