{"id":28916,"date":"2018-06-24T10:32:58","date_gmt":"2018-06-24T14:32:58","guid":{"rendered":"https:\/\/www.campogrande.ms.gov.br\/cgnoticias\/?post_type=sec-noticias&#038;p=28916"},"modified":"2018-06-26T13:46:16","modified_gmt":"2018-06-26T17:46:16","slug":"agetran-alerta-para-interdicoes-em-alguns-trechos-da-area-central-para-obras-do-reviva-campo-grande","status":"publish","type":"sec-noticias","link":"https:\/\/www.campogrande.ms.gov.br\/cgnoticias\/noticia\/agetran-alerta-para-interdicoes-em-alguns-trechos-da-area-central-para-obras-do-reviva-campo-grande\/","title":{"rendered":"Agetran alerta para interdi\u00e7\u00f5es em alguns trechos da \u00e1rea central para obras do Reviva Campo Grande"},"content":{"rendered":"<p>Comunicado:<\/p>\n<p>Com a mudan\u00e7a no plano de ataque da empreiteira respons\u00e1vel pelas obras do Programa Reviva Campo Grande, a Engepar, a partir de agora, as equipes v\u00e3o atuar em duas frentes de trabalho ao mesmo tempo, sendo uma na Avenida Fernando Corr\u00eaa da Costa (j\u00e1 iniciada) e a outra na rua Maracaju.<\/p>\n<p>A mudan\u00e7a se deu com o intuito de agilizar a execu\u00e7\u00e3o da obra e aproveitar o per\u00edodo de estiagem.<\/p>\n<p>Por conta das interven\u00e7\u00f5es, alguns trechos da \u00e1rea central ser\u00e3o interditados nos pr\u00f3ximos dias. Lembrando que s\u00e3o previs\u00f5es, j\u00e1 que podem ocorrer mudan\u00e7as em raz\u00e3o de algum imprevisto.<\/p>\n<p>S\u00e3o eles:<\/p>\n<p>De <strong>22 de junho a 05 de julho<\/strong> &#8211; Rua 14 de Julho entre os cruzamentos da Rua 26 de Agosto e Rua 7 de Setembro\u00a0 &#8211; Trabalho nas cal\u00e7adas em frente ao Corpo de Bombeiros \u2013 interdi\u00e7\u00e3o das cal\u00e7adas e proibi\u00e7\u00e3o de estacionamento no local.<\/p>\n<p>De <strong>23 a 24 de junho<\/strong> \u2013 Rua 14 de Julho, cruzamento com a Rua 26 de Agosto \u2013 Fechamento ap\u00f3s o meio-dia de s\u00e1bado para execu\u00e7\u00e3o de rede de esgotamento sanit\u00e1rio em ambos os lados da via.<\/p>\n<p>De <strong>23 a 24 de junho<\/strong> &#8211; ap\u00f3s \u00e0s 12:00 &#8211; Rua 14 de Julho, entre os cruzamentos da Rua Maracaju e Marechal C\u00e2ndido Mariano. Interdi\u00e7\u00e3o parcial do fluxo de pedestres na cal\u00e7ada e estacionamento do lado esquerdo da via \u2013 execu\u00e7\u00e3o de servi\u00e7o de recorte de cal\u00e7amento.<\/p>\n<p>Dia <strong>27 de junho<\/strong> \u2013 Rua 14 de Julho, no cruzamento com a Rua Maracaju \u2013 Interdi\u00e7\u00e3o total do cruzamento para implanta\u00e7\u00e3o do sistema de drenagem. Previs\u00e3o de fechamento da via por 40 dias.\u00a0 Acesso permitido apenas aos \u00f4nibus do transporte coletivo.<\/p>\n","protected":false},"author":1,"featured_media":28917,"template":"","meta":{"custom_icon_class":"","footnotes":""},"categories":[44],"tags":[],"class_list":["post-28916","sec-noticias","type-sec-noticias","status-publish","has-post-thumbnail","hentry","category-atencao"],"acf":[],"_links":{"self":[{"href":"https:\/\/www.campogrande.ms.gov.br\/cgnoticias\/wp-json\/wp\/v2\/sec-noticias\/28916"}],"collection":[{"href":"https:\/\/www.campogrande.ms.gov.br\/cgnoticias\/wp-json\/wp\/v2\/sec-noticias"}],"about":[{"href":"https:\/\/www.campogrande.ms.gov.br\/cgnoticias\/wp-json\/wp\/v2\/types\/sec-noticias"}],"author":[{"embeddable":true,"href":"https:\/\/www.campogrande.ms.gov.br\/cgnoticias\/wp-json\/wp\/v2\/users\/1"}],"version-history":[{"count":0,"href":"https:\/\/www.campogrande.ms.gov.br\/cgnoticias\/wp-json\/wp\/v2\/sec-noticias\/28916\/revisions"}],"wp:featuredmedia":[{"embeddable":true,"href":"https:\/\/www.campogrande.ms.gov.br\/cgnoticias\/wp-json\/wp\/v2\/media\/28917"}],"wp:attachment":[{"href":"https:\/\/www.campogrande.ms.gov.br\/cgnoticias\/wp-json\/wp\/v2\/media?parent=28916"}],"wp:term":[{"taxonomy":"category","embeddable":true,"href":"https:\/\/www.campogrande.ms.gov.br\/cgnoticias\/wp-json\/wp\/v2\/categories?post=28916"},{"taxonomy":"post_tag","embeddable":true,"href":"https:\/\/www.campogrande.ms.gov.br\/cgnoticias\/wp-json\/wp\/v2\/tags?post=28916"}],"curies":[{"name":"wp","href":"https:\/\/api.w.org\/{rel}","templated":true}]}}