{"id":26143,"date":"2018-03-27T08:12:09","date_gmt":"2018-03-27T12:12:09","guid":{"rendered":"https:\/\/www.campogrande.ms.gov.br\/cgnoticias\/?post_type=sec-noticias&#038;p=26143"},"modified":"2018-03-27T12:54:17","modified_gmt":"2018-03-27T16:54:17","slug":"prefeitura-abre-processo-seletivo-para-contratar-20-estagiarios-do-curso-de-direito","status":"publish","type":"sec-noticias","link":"https:\/\/www.campogrande.ms.gov.br\/cgnoticias\/noticia\/prefeitura-abre-processo-seletivo-para-contratar-20-estagiarios-do-curso-de-direito\/","title":{"rendered":"Prefeitura abre processo seletivo para contratar 20 estagi\u00e1rios do curso de Direito"},"content":{"rendered":"<p>A Prefeitura de Campo Grande, por meio da Secretaria Municipal de Gest\u00e3o (Seges), publicou nesta ter\u00e7a-feira (27) o edital n. 01\/2018-01 que abre sele\u00e7\u00e3o de estagi\u00e1rio, que convoca acad\u00eamicos de gradua\u00e7\u00e3o em Direito interessados em desenvolver atividades na prefeitura.<\/p>\n<p>O Est\u00e1gio de Complementa\u00e7\u00e3o Educacional ser\u00e1 remunerado, para atuar na Prefeitura Municipal de Campo Grande, nos termos e condi\u00e7\u00f5es constantes no \u00a0Edital. Podem participar acad\u00eamicos do quinto ao pen\u00faltimo semestre do curso de Direito para ocuparem 20(vinte) vagas, no per\u00edodo matutino ou vespertino.<\/p>\n<p>A inscri\u00e7\u00e3o dever\u00e1 ser realizada via internet, a partir das 10h00 do dia 11 de abril at\u00e9 as 17h00 do dia 13 de abril de 2018, atrav\u00e9s do portal www.pmcg.ms.gov.br, no link \u201cPrograma Municipal de Est\u00e1gio\u201d, momento em que o candidato ao est\u00e1gio preencher\u00e1 formul\u00e1rio de informa\u00e7\u00f5es cadastrais e curriculares, o qual servir\u00e1 como documento comprobat\u00f3rio de inscri\u00e7\u00e3o. N\u00e3o ser\u00e1 cobrada taxa de inscri\u00e7\u00e3o.<\/p>\n<p>Ser\u00e3o reservadas 10% (dez por cento) das vagas existentes e das que vierem a ser criadas durante a validade do Processo Seletivo, aos candidatos inscritos na condi\u00e7\u00e3o de deficiente, a ser comprovada no ato de assinatura do Termo de Compromisso, mediante a apresenta\u00e7\u00e3o de Atestado M\u00e9dico evidenciando a aptid\u00e3o para a fun\u00e7\u00e3o pretendida, devendo constar no ato da inscri\u00e7\u00e3o, no campo <em>\u201cObserva\u00e7\u00f5es do Candidato\u201d.<\/em><\/p>\n<p>Os estagi\u00e1rios selecionados, dentro do quantitativo de vagas ofertadas, ser\u00e3o admitidos em car\u00e1ter de est\u00e1gio remunerado tempor\u00e1rio, pelo prazo de 6(seis) meses podendo ser prorrogado mediante necessidade da Administra\u00e7\u00e3o P\u00fablica, respeitado o limite legal permitido.<\/p>\n<p>O valor da remunera\u00e7\u00e3o da Bolsa de Complementa\u00e7\u00e3o Educacional ser\u00e1 de R$ 954,00 (novecentos e cinquenta e quatro reais), acrescido de vale-transporte (cart\u00e3omagn\u00e9tico) e seguro de vida.<\/p>\n<p>Quem tiver interesse em conferir o Edital poder\u00e1 acessar o endere\u00e7o eletr\u00f4nico <a href=\"https:\/\/www.campogrande.ms.gov.br\/diogrande\">https:\/\/www.campogrande.ms.gov.br\/diogrande<\/a>, edi\u00e7\u00e3o 5.187, a partir da p\u00e1gina 5.<\/p>\n","protected":false},"author":1,"featured_media":24258,"template":"","meta":{"custom_icon_class":"","footnotes":""},"categories":[14],"tags":[],"class_list":["post-26143","sec-noticias","type-sec-noticias","status-publish","has-post-thumbnail","hentry","category-geral"],"acf":[],"_links":{"self":[{"href":"https:\/\/www.campogrande.ms.gov.br\/cgnoticias\/wp-json\/wp\/v2\/sec-noticias\/26143"}],"collection":[{"href":"https:\/\/www.campogrande.ms.gov.br\/cgnoticias\/wp-json\/wp\/v2\/sec-noticias"}],"about":[{"href":"https:\/\/www.campogrande.ms.gov.br\/cgnoticias\/wp-json\/wp\/v2\/types\/sec-noticias"}],"author":[{"embeddable":true,"href":"https:\/\/www.campogrande.ms.gov.br\/cgnoticias\/wp-json\/wp\/v2\/users\/1"}],"version-history":[{"count":0,"href":"https:\/\/www.campogrande.ms.gov.br\/cgnoticias\/wp-json\/wp\/v2\/sec-noticias\/26143\/revisions"}],"wp:featuredmedia":[{"embeddable":true,"href":"https:\/\/www.campogrande.ms.gov.br\/cgnoticias\/wp-json\/wp\/v2\/media\/24258"}],"wp:attachment":[{"href":"https:\/\/www.campogrande.ms.gov.br\/cgnoticias\/wp-json\/wp\/v2\/media?parent=26143"}],"wp:term":[{"taxonomy":"category","embeddable":true,"href":"https:\/\/www.campogrande.ms.gov.br\/cgnoticias\/wp-json\/wp\/v2\/categories?post=26143"},{"taxonomy":"post_tag","embeddable":true,"href":"https:\/\/www.campogrande.ms.gov.br\/cgnoticias\/wp-json\/wp\/v2\/tags?post=26143"}],"curies":[{"name":"wp","href":"https:\/\/api.w.org\/{rel}","templated":true}]}}