{"id":25420,"date":"2018-03-07T16:07:56","date_gmt":"2018-03-07T20:07:56","guid":{"rendered":"https:\/\/www.campogrande.ms.gov.br\/cgnoticias\/?post_type=sec-noticias&#038;p=25420"},"modified":"2018-03-08T10:55:32","modified_gmt":"2018-03-08T14:55:32","slug":"prefeito-participa-de-reuniao-com-presidente-e-destaca-acoes-ja-realizadas-na-capital","status":"publish","type":"sec-noticias","link":"https:\/\/www.campogrande.ms.gov.br\/cgnoticias\/noticia\/prefeito-participa-de-reuniao-com-presidente-e-destaca-acoes-ja-realizadas-na-capital\/","title":{"rendered":"Prefeito participa de reuni\u00e3o com presidente e destaca a\u00e7\u00f5es j\u00e1 realizadas na Capital"},"content":{"rendered":"<p style=\"font-weight: 400\">\u00a0O prefeito Marquinhos Trad participou, nesta quarta-feira (7), de reuni\u00e3o com o presidente da Rep\u00fablica, Michel Temer, e prefeitos de todas as capitais para discutir a seguran\u00e7a p\u00fablica. Na ocasi\u00e3o, o presidente solicitou apoio das prefeituras para uma fun\u00e7\u00e3o mais efetiva das guardas municipais em a\u00e7\u00f5es preventivas.<\/p>\n<p style=\"font-weight: 400\">O presidente aconselhou que sejam feitas reuni\u00f5es para mobilizar a seguran\u00e7a p\u00fablica nas capitais, reunindo n\u00e3o apenas com autoridades policiais, mas tamb\u00e9m com a comunidade.<\/p>\n<p style=\"font-weight: 400\">\u201cEssas movimenta\u00e7\u00f5es chegam a quem est\u00e1 na marginalidade. Faz com que eles se preocupem pelo menos em pratic\u00e1-las, porque sabem que ter\u00e3o uma resposta muito firme, segura, das autoridades estaduais\u201d, declarou o presidente.<\/p>\n<figure id=\"attachment_25422\" aria-describedby=\"caption-attachment-25422\" style=\"width: 300px\" class=\"wp-caption alignright\"><img fetchpriority=\"high\" decoding=\"async\" class=\"size-medium wp-image-25422\" src=\"https:\/\/prefcg-repositorio.campogrande.ms.gov.br\/wp-cdn\/uploads\/sites\/3\/2018\/03\/07032018-_AC_6389-Editar-300x200.jpg\" alt=\"(Bras\u00edlia - DF, 07\/03\/2018) Reuni\u00e3o com Prefeitos das Capitais Brasileiras. Palavras do Prefeito de Campo Grande, Marquinhos Trad. Foto: Marcos Corr\u00eaa\/PR\" width=\"300\" height=\"200\" srcset=\"https:\/\/cdn.campogrande.ms.gov.br\/portal\/prod\/uploads\/sites\/3\/2018\/03\/07032018-_AC_6389-Editar-300x200.jpg 300w, https:\/\/cdn.campogrande.ms.gov.br\/portal\/prod\/uploads\/sites\/3\/2018\/03\/07032018-_AC_6389-Editar-1024x683.jpg 1024w\" sizes=\"(max-width: 300px) 100vw, 300px\" \/><figcaption id=\"caption-attachment-25422\" class=\"wp-caption-text\">Foto: Marcos Corr\u00eaa\/Presid\u00eancia da Rep\u00fablica<\/figcaption><\/figure>\n<p style=\"font-weight: 400\">Ap\u00f3s a reuni\u00e3o, o prefeito destacou o trabalho j\u00e1 realizado pela Guarda de Campo Grande, que em um ano triplicou o n\u00famero de rondas pela Capital. \u201c\u00c9 gratificante testemunhar que j\u00e1 estamos fazendo o que est\u00e1 sendo aconselhado pelo presidente. Desde quando assumimos a guarda, a gest\u00e3o vem desenvolvendo este trabalho de patrulhamento nos terminais de \u00f4nibus, de manh\u00e3, hor\u00e1rio de almo\u00e7o e final da tarde, bem como nas escolas, Ceinfs, Upas, pra\u00e7as e vias de maior movimenta\u00e7\u00e3o\u00a0\u00a0de pessoas. Em 2016, a guarda fez 36 mil rondas e em 2017 triplicamos este n\u00famero, totalizando 139 mil rondas\u201d, detalhou.<\/p>\n<p style=\"font-weight: 400\">O prefeito tamb\u00e9m ressaltou o empenho para restrutura\u00e7\u00e3o, treinamento e capacita\u00e7\u00e3o da guarda municipal. No ano passado, 100 guardas foram capacitados para o uso de arma letal. Hoje, outros 100 iniciaram o curso e outros 200 devem ser capacitados at\u00e9 o final do ano. \u201cNestes dois anos estamos realizando um trabalho projetado para os quatro anos da nossa administra\u00e7\u00e3o\u201d, declarou Marquinhos.<\/p>\n<p style=\"font-weight: 400\">J\u00e1 o secret\u00e1rio de Seguran\u00e7a e Defesa Social, Val\u00e9rio Azambuja, pondera a necessidade de investimento para compra de viatura, colete e amplia\u00e7\u00e3o do videomonitoramento. \u201cHoje temos 22 c\u00e2meras funcionando e gostar\u00edamos de aumentar este n\u00famero para 150 at\u00e9 2020. S\u00f3 as c\u00e2meras t\u00eam um custo de R$ 8 milh\u00f5es. Precisamos de recurso para investir nesta log\u00edstica. Estamos fazendo, dentro do or\u00e7amento do munic\u00edpio, um milagre, para ter este resultado, de triplicar o n\u00famero de rondas e melhorar nossa estrutura\u201d, comentou.<\/p>\n<p style=\"font-weight: 400\">Na semana passada, durante reuni\u00e3o com governadores, Temer anunciou uma linha de financiamento de R$ 42 bilh\u00f5es -a maior parte oferecida pelo Banco Nacional de Desenvolvimento Econ\u00f4mico (BNDES) \u2013 para investimentos em seguran\u00e7a p\u00fablica, como reequipamento das pol\u00edcias estaduais. Destes, R$ 10 bilh\u00f5es seriam destinados a munic\u00edpios.<\/p>\n<p style=\"font-weight: 400\">\n","protected":false},"author":16,"featured_media":25421,"template":"","meta":{"custom_icon_class":"","footnotes":""},"categories":[48],"tags":[],"class_list":["post-25420","sec-noticias","type-sec-noticias","status-publish","has-post-thumbnail","hentry","category-seguranca-publica"],"acf":[],"_links":{"self":[{"href":"https:\/\/www.campogrande.ms.gov.br\/cgnoticias\/wp-json\/wp\/v2\/sec-noticias\/25420"}],"collection":[{"href":"https:\/\/www.campogrande.ms.gov.br\/cgnoticias\/wp-json\/wp\/v2\/sec-noticias"}],"about":[{"href":"https:\/\/www.campogrande.ms.gov.br\/cgnoticias\/wp-json\/wp\/v2\/types\/sec-noticias"}],"author":[{"embeddable":true,"href":"https:\/\/www.campogrande.ms.gov.br\/cgnoticias\/wp-json\/wp\/v2\/users\/16"}],"version-history":[{"count":0,"href":"https:\/\/www.campogrande.ms.gov.br\/cgnoticias\/wp-json\/wp\/v2\/sec-noticias\/25420\/revisions"}],"wp:featuredmedia":[{"embeddable":true,"href":"https:\/\/www.campogrande.ms.gov.br\/cgnoticias\/wp-json\/wp\/v2\/media\/25421"}],"wp:attachment":[{"href":"https:\/\/www.campogrande.ms.gov.br\/cgnoticias\/wp-json\/wp\/v2\/media?parent=25420"}],"wp:term":[{"taxonomy":"category","embeddable":true,"href":"https:\/\/www.campogrande.ms.gov.br\/cgnoticias\/wp-json\/wp\/v2\/categories?post=25420"},{"taxonomy":"post_tag","embeddable":true,"href":"https:\/\/www.campogrande.ms.gov.br\/cgnoticias\/wp-json\/wp\/v2\/tags?post=25420"}],"curies":[{"name":"wp","href":"https:\/\/api.w.org\/{rel}","templated":true}]}}