{"id":24343,"date":"2018-01-17T15:44:55","date_gmt":"2018-01-17T18:44:55","guid":{"rendered":"https:\/\/www.campogrande.ms.gov.br\/cgnoticias\/?post_type=sec-noticias&#038;p=24343"},"modified":"2018-01-18T14:42:40","modified_gmt":"2018-01-18T17:42:40","slug":"moradores-comemoram-reducao-na-conta-com-decreto-da-prefeitura-para-acabar-com-tarifa-minima","status":"publish","type":"sec-noticias","link":"https:\/\/www.campogrande.ms.gov.br\/cgnoticias\/noticia\/moradores-comemoram-reducao-na-conta-com-decreto-da-prefeitura-para-acabar-com-tarifa-minima\/","title":{"rendered":"Moradores comemoram redu\u00e7\u00e3o na conta de \u00e1gua com decreto da prefeitura para acabar com tarifa m\u00ednima"},"content":{"rendered":"<p>A popula\u00e7\u00e3o de Campo Grande j\u00e1 est\u00e1 comemorando a redu\u00e7\u00e3o na conta de \u00e1gua, ap\u00f3s decreto do prefeito Marquinhos Trad, que est\u00e1 colocando fim \u00e0 cobran\u00e7a da tarifa m\u00ednima na conta de \u00e1gua. Mais de 207 mil resid\u00eancias e com\u00e9rcios est\u00e3o se beneficiando desta redu\u00e7\u00e3o, que chega em boa hora para as fam\u00edlias.<\/p>\n<p>&#8220;At\u00e9 assustei quando vi que o valor reduziu, sendo que o consumo foi o mesmo. A gente s\u00f3 v\u00ea pre\u00e7o subir n\u00e9? \u00c9 justo pra gente pagar somente o que consome. Foi muito bom pra popula\u00e7\u00e3o essa medida. De pouquinho em pouquinho, j\u00e1 aumenta a compra no mercado, no sacol\u00e3o, ou um cal\u00e7ado que a gente sempre precisa&#8221;, comemorou a professora T\u00e2nia Silveira, 57 anos, moradora da Vila Jacy.<\/p>\n<p>Com o decreto do prefeito, a popula\u00e7\u00e3o que utiliza menos de 10 m\u00b3 de \u00e1gua por m\u00eas deixa de pagar a tarifa m\u00ednima e passa a pagar, progressivamente, exatamente o valor consumido.\u00a0Esta medida reduziu a tarifa m\u00ednima em 2018 e extinguir\u00e1 em 2019.<\/p>\n<p>Antigamente, consumindo 2, 3 ou 4m\u00b3, por exemplo, o consumidor pagava como se tivesse consumido 10m\u00b3, geralmente R$ 75. A Prefeitura reduziu esta tarifa para 5m\u00b3 \u00a0j\u00e1 neste ano, reduzindo a conta para R$ 38,15. J\u00e1 no ano que vem o consumidor vai pagar apenas o que consumir. Se gastar 2m\u00b3, s\u00f3 pagar\u00e1 pelo total consumido.<\/p>\n<p>A comerciante Juliana Fernandes, 31 anos, moradora do Bairro Monte L\u00edbano, costumava pagar R$ 75 todo m\u00eas e agora em janeiro a conta caiu para R$ 37,71, em uma economia de R$ 37,29.<\/p>\n<p>&#8220;Esse valor vai ajudar bastante. Se voc\u00ea pegar R$ 37 e fizer uma poupan\u00e7a, em um ano voc\u00ea tem mais de R$ 440 em economia. Essa medida de acabar com a tarifa m\u00ednima \u00e9 justa. Eu, por exemplo, que n\u00e3o tenho um consumo expressivo, acabava sendo prejudicada&#8221;, disse.<\/p>\n<p>At\u00e9 o ano passado, a \u00c1guas Guariroba cobrava tarifa fixa para quem consome at\u00e9 10 metros c\u00fabicos de \u00e1gua, de R$ 44,10, somada a R$ 30,90 de esgoto. Desta forma, mesmo que o consumidor n\u00e3o consumisse nada, ele terminaria pagando R$ 44,10 todos os meses de \u00e1gua, e R$ 30,90 de esgoto, somando R$ 75,00, quando se tem os dois servi\u00e7os.<\/p>\n<p>In\u00e9dita em todo o pa\u00eds, a iniciativa da Prefeitura Municipal de Campo Grande beneficiou milhares de campo-grandenses. A \u00c1guas Guariroba chegou a reclamar na Justi\u00e7a, mas a Prefeitura recorreu e garantiu o direito ao consumidor.<\/p>\n","protected":false},"author":16,"featured_media":24344,"template":"","meta":{"custom_icon_class":"","footnotes":""},"categories":[5],"tags":[],"class_list":["post-24343","sec-noticias","type-sec-noticias","status-publish","has-post-thumbnail","hentry","category-acoes-da-prefeitura"],"acf":[],"_links":{"self":[{"href":"https:\/\/www.campogrande.ms.gov.br\/cgnoticias\/wp-json\/wp\/v2\/sec-noticias\/24343"}],"collection":[{"href":"https:\/\/www.campogrande.ms.gov.br\/cgnoticias\/wp-json\/wp\/v2\/sec-noticias"}],"about":[{"href":"https:\/\/www.campogrande.ms.gov.br\/cgnoticias\/wp-json\/wp\/v2\/types\/sec-noticias"}],"author":[{"embeddable":true,"href":"https:\/\/www.campogrande.ms.gov.br\/cgnoticias\/wp-json\/wp\/v2\/users\/16"}],"version-history":[{"count":0,"href":"https:\/\/www.campogrande.ms.gov.br\/cgnoticias\/wp-json\/wp\/v2\/sec-noticias\/24343\/revisions"}],"wp:featuredmedia":[{"embeddable":true,"href":"https:\/\/www.campogrande.ms.gov.br\/cgnoticias\/wp-json\/wp\/v2\/media\/24344"}],"wp:attachment":[{"href":"https:\/\/www.campogrande.ms.gov.br\/cgnoticias\/wp-json\/wp\/v2\/media?parent=24343"}],"wp:term":[{"taxonomy":"category","embeddable":true,"href":"https:\/\/www.campogrande.ms.gov.br\/cgnoticias\/wp-json\/wp\/v2\/categories?post=24343"},{"taxonomy":"post_tag","embeddable":true,"href":"https:\/\/www.campogrande.ms.gov.br\/cgnoticias\/wp-json\/wp\/v2\/tags?post=24343"}],"curies":[{"name":"wp","href":"https:\/\/api.w.org\/{rel}","templated":true}]}}