{"id":21929,"date":"2017-10-26T11:32:10","date_gmt":"2017-10-26T14:32:10","guid":{"rendered":"https:\/\/www.campogrande.ms.gov.br\/cgnoticias\/?post_type=sec-noticias&#038;p=21929"},"modified":"2017-10-27T09:41:00","modified_gmt":"2017-10-27T12:41:00","slug":"prefeitura-vai-acabar-com-taxa-minima-e-reduzira-conta-de-agua-em-ate-53-em-2018","status":"publish","type":"sec-noticias","link":"https:\/\/www.campogrande.ms.gov.br\/cgnoticias\/noticia\/prefeitura-vai-acabar-com-taxa-minima-e-reduzira-conta-de-agua-em-ate-53-em-2018\/","title":{"rendered":"Prefeitura vai acabar com taxa m\u00ednima e reduzir\u00e1 conta de \u00e1gua em at\u00e9 53% em 2018"},"content":{"rendered":"<p>A Prefeitura de Campo Grande\u00a0vai acabar com a taxa m\u00ednima de consumo da conta de \u00e1gua. A medida, via decreto, vem ao encontro\u00a0do compromisso\u00a0de campanha do prefeito Marquinhos Trad e foi anunciada nesta manh\u00e3 (26), durante coletiva \u00e0 imprensa, que contou com a participa\u00e7\u00e3o do diretor-presidente da Ag\u00eancia de Regula\u00e7\u00e3o de Servi\u00e7os P\u00fablicos (Agereg), Vin\u00edcius Campos Leite.<\/p>\n<p>Com isso, a popula\u00e7\u00e3o mais carente, que utiliza menos que 10 m\u00b3 de \u00e1gua por m\u00eas, deixa de pagar a tarifa m\u00ednima e passa a pagar, progressivamente, exatamente o valor consumido.\u00a0Atualmente, 130 mil resid\u00eancias de Campo Grande, o que representa quase 300 mil pessoas, pagam R$ 75,00 de \u00e1gua e esgoto. Estas fam\u00edlias passar\u00e3o, no primeiro ano, a pagar R$ 40. A medida reduzir\u00e1 em 53%, em 2018, e 100%, em 2019, a tarifa m\u00ednima.<\/p>\n<p>Para o prefeito Marquinhos Trad, a medida estabelece um crit\u00e9rio de justi\u00e7a tarif\u00e1ria na cobran\u00e7a das contas de \u00e1gua e esgoto, beneficiando toda a popula\u00e7\u00e3o, visto que a cobran\u00e7a ser\u00e1 apenas do que foi consumido.<\/p>\n<p>&#8220;Ap\u00f3s oito meses de estudos t\u00e9cnicos, estamos dando um passo firme e seguro para afirmar que em Campo Grande, as pessoas v\u00e3o pagar apenas por aquilo que consumirem. Ningu\u00e9m vai bancar a conta do outro. Havia uma invers\u00e3o de valores que acaba hoje. Estamos fazendo justi\u00e7a tribut\u00e1ria, social e jur\u00eddica. O decreto ser\u00e1 irrevog\u00e1vel&#8221;, garante o chefe do Executivo Municipal.<\/p>\n<p>A medida altera o sistema tarif\u00e1rio da \u00c1guas Guariroba, que hoje cobra tarifa fixa para quem consome at\u00e9 10 metros c\u00fabicos de \u00e1gua, de R$ 44,10, somada a R$ 30,90 de esgoto.Desta forma, mesmo que o consumidor n\u00e3o consuma nada, ele termina pagando R$ 44,10 todos os meses de \u00e1gua, e R$ 30,90 de esgoto, somando R$ 75,00 quando se tem os dois servi\u00e7os.<\/p>\n<p>Com o decreto, em 2018, esses valores, escalonados, ficar\u00e3o entre R$ 23,68 (menor consumo de \u00e1gua) at\u00e9 R$ 37, 88 (maior consumo), respectivamente de 5 metros c\u00fabicos at\u00e9 8 metros c\u00fabicos. A medida estabelece ainda que a partir de 2019 o consumidor pagar\u00e1 apenas o que consome. Se ele n\u00e3o consumir, n\u00e3o pagar\u00e1 nada.<\/p>\n<p><strong>Medida in\u00e9dita<\/strong><\/p>\n<p>In\u00e9dita em todo o pa\u00eds, a iniciativa da Prefeitura Municipal de Campo Grande, que adotar\u00e1 o decreto como medida juridicamente legal para criar o benef\u00edcio social, vai contemplar cerca de 130 mil resid\u00eancias na Capital sul-mato-grossense, o que representa quase 300 mil pessoas beneficiadas.<\/p>\n<p>O debate sobre o tema percorre mais de 12 anos em in\u00fameros Estados e munic\u00edpios brasileiros e sempre foi pol\u00eamico, parando no legislativo.<\/p>\n","protected":false},"author":15,"featured_media":21942,"template":"","meta":{"custom_icon_class":"","footnotes":""},"categories":[14],"tags":[],"class_list":["post-21929","sec-noticias","type-sec-noticias","status-publish","has-post-thumbnail","hentry","category-geral"],"acf":[],"_links":{"self":[{"href":"https:\/\/www.campogrande.ms.gov.br\/cgnoticias\/wp-json\/wp\/v2\/sec-noticias\/21929"}],"collection":[{"href":"https:\/\/www.campogrande.ms.gov.br\/cgnoticias\/wp-json\/wp\/v2\/sec-noticias"}],"about":[{"href":"https:\/\/www.campogrande.ms.gov.br\/cgnoticias\/wp-json\/wp\/v2\/types\/sec-noticias"}],"author":[{"embeddable":true,"href":"https:\/\/www.campogrande.ms.gov.br\/cgnoticias\/wp-json\/wp\/v2\/users\/15"}],"version-history":[{"count":0,"href":"https:\/\/www.campogrande.ms.gov.br\/cgnoticias\/wp-json\/wp\/v2\/sec-noticias\/21929\/revisions"}],"wp:featuredmedia":[{"embeddable":true,"href":"https:\/\/www.campogrande.ms.gov.br\/cgnoticias\/wp-json\/wp\/v2\/media\/21942"}],"wp:attachment":[{"href":"https:\/\/www.campogrande.ms.gov.br\/cgnoticias\/wp-json\/wp\/v2\/media?parent=21929"}],"wp:term":[{"taxonomy":"category","embeddable":true,"href":"https:\/\/www.campogrande.ms.gov.br\/cgnoticias\/wp-json\/wp\/v2\/categories?post=21929"},{"taxonomy":"post_tag","embeddable":true,"href":"https:\/\/www.campogrande.ms.gov.br\/cgnoticias\/wp-json\/wp\/v2\/tags?post=21929"}],"curies":[{"name":"wp","href":"https:\/\/api.w.org\/{rel}","templated":true}]}}