{"id":19028,"date":"2017-08-17T17:35:05","date_gmt":"2017-08-17T21:35:05","guid":{"rendered":"https:\/\/www.campogrande.ms.gov.br\/cgnoticias\/?post_type=sec-noticias&#038;p=19028"},"modified":"2017-08-18T07:35:49","modified_gmt":"2017-08-18T11:35:49","slug":"programacao-de-eventos-para-esta-sexta-feira-18-de-aniversario-de-campo-grande","status":"publish","type":"sec-noticias","link":"https:\/\/www.campogrande.ms.gov.br\/cgnoticias\/noticia\/programacao-de-eventos-para-esta-sexta-feira-18-de-aniversario-de-campo-grande\/","title":{"rendered":"Programa\u00e7\u00e3o de eventos para esta sexta-feira (18) de Anivers\u00e1rio de Campo Grande"},"content":{"rendered":"<p>A Prefeitura de Campo Grande divulga as agendas desta sexta-feira (18) em celebra\u00e7\u00e3o aos 118 anos da Capital, a ser comemorado no dia 26 de agosto. O m\u00eas inteiro ser\u00e1 dedicado ao Anivers\u00e1rio de Campo Grande, com lan\u00e7amento de obras e diversos eventos que celebram a data. Confira a programa\u00e7\u00e3o.<strong>\u00a0<\/strong><\/p>\n<h2><strong>7h30<\/strong><strong>\u00a0<\/strong><\/h2>\n<p><strong>1\u00ba Simp\u00f3sio: Campo Grande \u2013 Meio Ambiente e Cultura \u2013 Saberes e Sabores \u2013 Trajet\u00f3rias do Pantanal para a Capital, Executivo e Legislativo Juntos \u2013 Pr\u00f3 Desenvolvimento Local<\/strong><strong>\u00a0<\/strong><\/p>\n<p>A inten\u00e7\u00e3o \u00e9 levar para \u00e0 comunidade local, estudantes, acad\u00eamicos do curso de Gest\u00e3o Ambiental, Engenharia Ambiental e Sanit\u00e1ria, Nutri\u00e7\u00e3o e integrantes do Clube de M\u00e3es da regi\u00e3o do Imbiruss\u00fa, a valoriza\u00e7\u00e3o da cultura regional, integrando-a a quest\u00f5es ambientais e valorizando os sabores regionais.<strong>\u00a0<\/strong><\/p>\n<p><strong>Local: Centro de Educa\u00e7\u00e3o Ambiental do Imbiruss\u00fa \u2013 Avenida Jos\u00e9 Barbosa Rodrigues esquina com Avenida Amaro Castro Lima \u2013 Vila Popular<\/strong><\/p>\n<h2><strong>7h30<\/strong><strong>\u00a0<\/strong><\/h2>\n<p><strong>A\u00e7\u00e3o em Sa\u00fade do Distrito Sanit\u00e1rio Leste<\/strong><\/p>\n<p>As unidades de sa\u00fade pertencentes ao Distrito Sanit\u00e1rio Leste &#8211; UBS Carlota, UBS Universit\u00e1rio, UBS Tiradentes, UBS Moreninha III, UBS Cidade Morena, UBSF Itamarac\u00e1, UBSF MAPE, UBS Tr\u00eas Barras &#8211; realizam uma grande a\u00e7\u00e3o envolvendo profissionais de sa\u00fade.<\/p>\n<p>Ser\u00e3o realizadas orienta\u00e7\u00f5es em sa\u00fade, realiza\u00e7\u00e3o de atividade f\u00edsica, avalia\u00e7\u00e3o de press\u00e3o arterial e glicemia capilar, avalia\u00e7\u00e3o do peso e altura, orienta\u00e7\u00f5es e avalia\u00e7\u00e3o bucal, entre outros servi\u00e7os.<\/p>\n<p><strong>Local: Pra\u00e7a do Preto Velho \u2013 Avenida F\u00e1bio Zahran<\/strong><strong>\u00a0<\/strong><\/p>\n<h2><strong>8 horas \u00e0s 13 horas<\/strong><strong>\u00a0<\/strong><\/h2>\n<p><strong>Semin\u00e1rio Municipal de Patrim\u00f4nio Cultural<\/strong><strong>\u00a0<\/strong><\/p>\n<p>O evento ocorre em alus\u00e3o aos 118 aos da Capital sul-mato-grossense e pretende reunir e capacitar acad\u00eamicos, arquitetos, gestores culturais, pesquisadores e demais interessados no assunto e tamb\u00e9m debater os conceitos, bem como a preserva\u00e7\u00e3o e prote\u00e7\u00e3o do patrim\u00f4nio cultural.<strong>\u00a0<\/strong><\/p>\n<p><strong>Local: Audit\u00f3rio Novoeste \u2013 Rua Rui Barbosa, 1.972<\/strong><strong>\u00a0<\/strong><\/p>\n<h2><strong>8 horas<\/strong><strong>\u00a0<\/strong><\/h2>\n<p><strong>Caminhada da Paz \u2013 Bairro Dom Ant\u00f4nio Barbosa<\/strong><strong>\u00a0<\/strong><\/p>\n<p>O principal objetivo da caminhada \u00e9 sensibilizar a popula\u00e7\u00e3o, refletindo juntamente com ela a necessidade de se viver em paz dentro da comunidade e da fam\u00edlia, nos lares e na pr\u00f3pria sociedade, como forma de enfrentamento \u00e0 viol\u00eancia nas suas diversas express\u00f5es.<\/p>\n<p><strong>Local: CRAS Rosa Adri \u2013 Rua L\u00facia dos Santos, 460 \u2013 Bairro Dom Ant\u00f4nio Barbosa<\/strong><\/p>\n<h2><strong>14 horas<\/strong><\/h2>\n<p><strong>Assinatura do Decreto de Institui\u00e7\u00e3o do Comit\u00ea Intersetorial de Acompanhamento e Monitoramento das Pol\u00edticas P\u00fablicas voltadas para Popula\u00e7\u00e3o em Situa\u00e7\u00e3o de Rua e do Termo de Coopera\u00e7\u00e3o (Parceria) para efetiva\u00e7\u00e3o do Projeto Banho de Cidadania \u2013 PMCG\/Segov\/SUBDH\/\u00c1guas Guariroba\/Cons\u00f3rcio Guaicurus, UFMS<\/strong><\/p>\n<p>O comit\u00ea que ter\u00e1 a participa\u00e7\u00e3o de representantes titulares e suplentes do Poder P\u00fablico, Sociedade Civil e institui\u00e7\u00f5es que trabalham com a popula\u00e7\u00e3o em situa\u00e7\u00e3o de rua. Ter\u00e1 o dever de acompanhar e monitorar as pol\u00edticas p\u00fablicas voltadas a essa popula\u00e7\u00e3o que est\u00e3o em estado de vulnerabilidade social, colocando em pr\u00e1tica a normativa que desde 2009 que regulamenta os comit\u00eas.<\/p>\n<p>O projeto \u201cBanho de Cidadania\u201d, nascido de uma parceria entre Subsecretaria de Defesa dos Direitos Humanos, Coordenadoria de Prote\u00e7\u00e3o a Popula\u00e7\u00e3o em Situa\u00e7\u00e3o de Rua e Pol\u00edticas Antidrogas, Cons\u00f3rcio Guaicurus e \u00c1guas Guariroba.<\/p>\n<p>Implantar\u00e1 em Campo Grande uma iniciativa inovadora no Brasil. A adapta\u00e7\u00e3o de um \u00f4nibus equipado com chuveiros de \u00e1gua aquecida, vesti\u00e1rios, vaso sanit\u00e1rio, pia, al\u00e9m de fornecer \u201ckits de Higiene\u201d e atender\u00e1 diariamente a popula\u00e7\u00e3o em situa\u00e7\u00e3o de rua proporcionando condi\u00e7\u00f5es para a higiene pessoal b\u00e1sica e atendimento de equipe multiprofissional com informa\u00e7\u00f5es sobre demais servi\u00e7os ofertados pela rede municipal tendo isso como um primeiro passo do processo de reintegra\u00e7\u00e3o social.<\/p>\n<p><strong>Local: Audit\u00f3rio da Esplanada dos Ferrovi\u00e1rios \u2013 Avenida Cal\u00f3geras com Avenida Mato Grosso<\/strong><\/p>\n<h2><strong>14 horas<\/strong><\/h2>\n<p>* Entrega dos 150 Certificados do Curso de Acolhimento na Sa\u00fade e 150 de Humaniza\u00e7\u00e3o na Guarda Municipal<\/p>\n<p>* Lan\u00e7amento Oficial da Ouvidoria do Servidor<\/p>\n<p><strong>Local:\u00a0Audit\u00f3rio da C\u00e2mara Municipal \u2013 Rua Ricardo Brand\u00e3o, 1.400 \u2013 Vila Manoel da Costa Lima<\/strong><\/p>\n<h2><strong>14 \u00e0s 17 horas<\/strong><strong>\u00a0<\/strong><\/h2>\n<p><strong>Sa\u00fade Morena<\/strong><strong>\u00a0<\/strong><\/p>\n<p>A\u00e7\u00e3o promovida por profissionais da UBSF Dr. Albino Coimbra, no bairro Santa Cam\u00e9lia, em parceria com volunt\u00e1rios, vai levar diversos servi\u00e7os e atividades para a popula\u00e7\u00e3o, a partir das 13h30.<\/p>\n<p>Estar\u00e3o sendo oferecidos testes de glicemia e aferi\u00e7\u00e3o de press\u00e3o arterial, orienta\u00e7\u00e3o sobre promo\u00e7\u00e3o e preven\u00e7\u00e3o em sa\u00fade, entre outros servi\u00e7os. Ser\u00e3o distribu\u00eddas arma\u00e7\u00f5es de \u00f3culos por meio de uma parceria com o Lions Clube.<\/p>\n<p>Haver\u00e1 atra\u00e7\u00f5es culturais com artistas da regi\u00e3o e com o grupo de dan\u00e7a do CCI Vov\u00f3 Ziza e para a crian\u00e7ada distribui\u00e7\u00e3o de cachorro quente, churros, refrigerante e pula-pula. As atividades s\u00e3o abertas a toda \u00e0 popula\u00e7\u00e3o da regi\u00e3o.<strong>\u00a0<\/strong><\/p>\n<p><strong>Local: UBSF Albino Filho \u2013 Rua Terlita Gon\u00e7alves, s.n. \u2013 Bairro Santa Carm\u00e9lia<\/strong><\/p>\n<p><strong>\u00a0<\/strong><\/p>\n<p><strong>\u00a0<\/strong><\/p>\n","protected":false},"author":16,"featured_media":0,"template":"","meta":{"custom_icon_class":"","footnotes":""},"categories":[63],"tags":[],"class_list":["post-19028","sec-noticias","type-sec-noticias","status-publish","hentry","category-118-anos"],"acf":[],"_links":{"self":[{"href":"https:\/\/www.campogrande.ms.gov.br\/cgnoticias\/wp-json\/wp\/v2\/sec-noticias\/19028"}],"collection":[{"href":"https:\/\/www.campogrande.ms.gov.br\/cgnoticias\/wp-json\/wp\/v2\/sec-noticias"}],"about":[{"href":"https:\/\/www.campogrande.ms.gov.br\/cgnoticias\/wp-json\/wp\/v2\/types\/sec-noticias"}],"author":[{"embeddable":true,"href":"https:\/\/www.campogrande.ms.gov.br\/cgnoticias\/wp-json\/wp\/v2\/users\/16"}],"version-history":[{"count":0,"href":"https:\/\/www.campogrande.ms.gov.br\/cgnoticias\/wp-json\/wp\/v2\/sec-noticias\/19028\/revisions"}],"wp:attachment":[{"href":"https:\/\/www.campogrande.ms.gov.br\/cgnoticias\/wp-json\/wp\/v2\/media?parent=19028"}],"wp:term":[{"taxonomy":"category","embeddable":true,"href":"https:\/\/www.campogrande.ms.gov.br\/cgnoticias\/wp-json\/wp\/v2\/categories?post=19028"},{"taxonomy":"post_tag","embeddable":true,"href":"https:\/\/www.campogrande.ms.gov.br\/cgnoticias\/wp-json\/wp\/v2\/tags?post=19028"}],"curies":[{"name":"wp","href":"https:\/\/api.w.org\/{rel}","templated":true}]}}