{"id":18614,"date":"2017-08-13T17:20:17","date_gmt":"2017-08-13T21:20:17","guid":{"rendered":"https:\/\/www.campogrande.ms.gov.br\/cgnoticias\/?post_type=sec-noticias&#038;p=18614"},"modified":"2017-08-14T07:25:40","modified_gmt":"2017-08-14T11:25:40","slug":"programacao-de-eventos-para-esta-segunda-feira-14-de-aniversario-de-campo-grande","status":"publish","type":"sec-noticias","link":"https:\/\/www.campogrande.ms.gov.br\/cgnoticias\/noticia\/programacao-de-eventos-para-esta-segunda-feira-14-de-aniversario-de-campo-grande\/","title":{"rendered":"Programa\u00e7\u00e3o de eventos para esta segunda-feira (14) de Anivers\u00e1rio de Campo Grande"},"content":{"rendered":"<p>A Prefeitura de Campo Grande divulga as agendas desta segunda-feira (14) em celebra\u00e7\u00e3o aos 118 anos da Capital, a ser comemorado no dia 26 de agosto. O m\u00eas inteiro ser\u00e1 dedicado ao Anivers\u00e1rio de Campo Grande, com lan\u00e7amento de obras e diversos eventos que celebram a data. Confira a programa\u00e7\u00e3o.<\/p>\n<p>&nbsp;<\/p>\n<h2><strong>8 horas <\/strong><\/h2>\n<p><strong>\u00a0<\/strong><strong>Apresenta\u00e7\u00e3o Teatral: Jos\u00e9 Vit\u00f3ria e outras hist\u00f3rias t<\/strong><strong>ransitando nos 118 anos de Campo Grande<\/strong><\/p>\n<p>A inten\u00e7\u00e3o do projeto \u00e9 facilitar o acesso das escolas aos locais de teatro, fazer uma democratiza\u00e7\u00e3o da cultura. Acredito que a proposta \u00e9 muito importante para os alunos, pois mexe com a autoestima, com a confian\u00e7a e capacidade de cada um. J\u00e1 passamos por 52 cidades.<\/p>\n<p><strong>\u00a0Local:\u00a0<\/strong><strong>Escola Municipal Abel Freire de Arag\u00e3o <\/strong><\/p>\n<p><strong>Rua Ana Luiza de Souza, 1.201 \u2013 Santa Branca<\/strong><\/p>\n<p>&nbsp;<\/p>\n<h2><strong>9 horas <\/strong><\/h2>\n<p><strong>Lan\u00e7amento da Campanha: Abuso sexual no \u00f4nibus \u00e9 crime<\/strong><\/p>\n<p>A Campanha consiste em divulgar nos terminais rodovi\u00e1rios, por meio de cartazes e nos ve\u00edculos de transporte coletivo, os telefones dos servi\u00e7os que devem ser acionados nas situa\u00e7\u00f5es em que a mulher esteja sendo abusada. Est\u00e1 prevista, ainda, a forma\u00e7\u00e3o continuada para os condutores dos coletivos e para os guardas civis municipais e policiais militares.\u00a0Para tanto conta com a parceria da Secretaria Especial de Seguran\u00e7a e Defesa Social\/SESDES, Cons\u00f3rcio Guaicurus, SEST e SENAT.<\/p>\n<p><strong>Local: Terminal de Transbordo Coletivo Bandeirantes<\/strong><\/p>\n<p><strong>Avenida Bandeirantes \u2013 Vila Bandeirantes.<\/strong><\/p>\n<p><strong>\u00a0<\/strong><\/p>\n<h2><\/h2>\n<h2><strong>14 horas<\/strong><\/h2>\n<p><strong>Abertura do Programa: Maria da Penha vai \u00e0 escola \u2013 Campanha Agosto Lil\u00e1s<\/strong><\/p>\n<p>As palestras visam contribuir para que estudantes das unidades escolares do munic\u00edpio tenham acesso \u00e0s informa\u00e7\u00f5es sobre a viol\u00eancia dom\u00e9stica e familiar contra a mulher, as possibilidades de atendimento, os canais de den\u00fancia e, acima de tudo, promover a\u00e7\u00f5es de preven\u00e7\u00e3o que possibilitem diminui\u00e7\u00e3o dos \u00edndices de viol\u00eancia.<\/p>\n<p><strong>Local: Centro de Forma\u00e7\u00e3o L\u00fadio Martins Coelho<\/strong><\/p>\n<p><strong>\u00a0<\/strong><\/p>\n<h2><strong>15 horas<\/strong><\/h2>\n<p><strong>Entrega dos Certificados de conclus\u00e3o do Curso de Costura realizado em parceria com a Funsat<\/strong><\/p>\n<p>A certifica\u00e7\u00e3o para os (as) 17 concluintes do curso de costura e Reparos realizados pelo Programa Qualifica\u00e7\u00e3o Profissionais.<\/p>\n<p>O curso \u00e9 oferecido pela Funda\u00e7\u00e3o Social do Trabalho e executado com recursos pr\u00f3prios do munic\u00edpio e contou com a parceria da Incubadora M\u00e1rio Covas, que cedeu o local e o maquin\u00e1rio para a realiza\u00e7\u00e3o das atividades.\u00a0O curso objetivo o qualificar os\u00a0 trabalhadores\u00a0 promovendo o acesso da popula\u00e7\u00e3o aos postos de emprego e ao mesmo tempo oferecendo \u00e0s empresas profissionais qualificados, tornando nossa capital cada vez mais atrativa \u00e0s iniciativas empreendedoras<\/p>\n<p>O\u00a0Programa\u00a0de Qualifica\u00e7\u00e3o Social Profissional da Funsat tem como principio b\u00e1sico elevar a qualidade de vida dos mun\u00edcipes da capital, abrindo-lhes\u00a0 a oportunidade\u00a0 de gera\u00e7\u00e3o de renda e inser\u00e7\u00e3o no mercado de trabalho, mediante o oferecimento gerais e espec\u00edficos de uma ocupa\u00e7\u00e3o\u00a0 profissional.<\/p>\n<p>&nbsp;<\/p>\n<p><strong>Local: Incubadora Municipal M\u00e1rio Covas<\/strong><\/p>\n<p><strong>Rua Leandro da Silva Salina, 655 \u2013 Bairro M\u00e1rio Covas. <\/strong><\/p>\n","protected":false},"author":15,"featured_media":0,"template":"","meta":{"custom_icon_class":"","footnotes":""},"categories":[63],"tags":[],"class_list":["post-18614","sec-noticias","type-sec-noticias","status-publish","hentry","category-118-anos"],"acf":[],"_links":{"self":[{"href":"https:\/\/www.campogrande.ms.gov.br\/cgnoticias\/wp-json\/wp\/v2\/sec-noticias\/18614"}],"collection":[{"href":"https:\/\/www.campogrande.ms.gov.br\/cgnoticias\/wp-json\/wp\/v2\/sec-noticias"}],"about":[{"href":"https:\/\/www.campogrande.ms.gov.br\/cgnoticias\/wp-json\/wp\/v2\/types\/sec-noticias"}],"author":[{"embeddable":true,"href":"https:\/\/www.campogrande.ms.gov.br\/cgnoticias\/wp-json\/wp\/v2\/users\/15"}],"version-history":[{"count":0,"href":"https:\/\/www.campogrande.ms.gov.br\/cgnoticias\/wp-json\/wp\/v2\/sec-noticias\/18614\/revisions"}],"wp:attachment":[{"href":"https:\/\/www.campogrande.ms.gov.br\/cgnoticias\/wp-json\/wp\/v2\/media?parent=18614"}],"wp:term":[{"taxonomy":"category","embeddable":true,"href":"https:\/\/www.campogrande.ms.gov.br\/cgnoticias\/wp-json\/wp\/v2\/categories?post=18614"},{"taxonomy":"post_tag","embeddable":true,"href":"https:\/\/www.campogrande.ms.gov.br\/cgnoticias\/wp-json\/wp\/v2\/tags?post=18614"}],"curies":[{"name":"wp","href":"https:\/\/api.w.org\/{rel}","templated":true}]}}