{"id":18554,"date":"2017-08-10T17:44:51","date_gmt":"2017-08-10T21:44:51","guid":{"rendered":"https:\/\/www.campogrande.ms.gov.br\/cgnoticias\/?post_type=sec-noticias&#038;p=18554"},"modified":"2017-08-10T17:44:51","modified_gmt":"2017-08-10T21:44:51","slug":"programacao-de-eventos-para-esta-sexta-feira-11-de-aniversario-de-campo-grande","status":"publish","type":"sec-noticias","link":"https:\/\/www.campogrande.ms.gov.br\/cgnoticias\/noticia\/programacao-de-eventos-para-esta-sexta-feira-11-de-aniversario-de-campo-grande\/","title":{"rendered":"Programa\u00e7\u00e3o de eventos para esta sexta-feira (11) de Anivers\u00e1rio de Campo Grande"},"content":{"rendered":"<p>A Prefeitura de Campo Grande divulga as agendas desta sexta-feira (11) em celebra\u00e7\u00e3o aos 118 anos da Capital, a ser comemorado no dia 26 de agosto. O m\u00eas inteiro ser\u00e1 dedicado ao Anivers\u00e1rio de Campo Grande, com lan\u00e7amento de obras e diversos eventos que celebram a data. Confira a programa\u00e7\u00e3o.<\/p>\n<h2><strong>8 horas <\/strong><\/h2>\n<p><strong>A\u00e7\u00e3o de Sa\u00fade<\/strong><strong>\u00a0<\/strong><\/p>\n<p>A equipe de profissionais da Unidade B\u00e1sica de Sa\u00fade da Fam\u00edlia (UBSF) Portal Caiob\u00e1 vai oferecer testes r\u00e1pidos de HIV, s\u00edfilis, hepatites B e C, coleta de exame preventivo (Papanicolau), palestra educativa de hipertens\u00e3o, diabetes, sa\u00fade bucal, teste ergom\u00e9trico, teste de glicemia, aferi\u00e7\u00e3o de press\u00e3o arterial, avalia\u00e7\u00e3o nutricional e f\u00edsica, al\u00e9m de uma apresenta\u00e7\u00e3o cultural do m\u00e9dico da unidade, Paulo de Tarso.<\/p>\n<p><strong>Local: UBSF Portal Caiob\u00e1 \u2013 Rua Ilha de Maraj\u00f3, 4.040 \u2013 Portal Caiob\u00e1<\/strong><strong>\u00a0<\/strong><\/p>\n<h2><strong>8h30<\/strong><strong style=\"font-size: 16px\">\u00a0<\/strong><\/h2>\n<p><strong>Retomada das obras da UBSF do Jardim Oliveira<\/strong><strong>\u00a0<\/strong><\/p>\n<p>A obra conta com investimento de cerca de R$1,1 milh\u00e3o, sendo R$400 mil do Minist\u00e9rio da Sa\u00fade e cerca de R$700 mil da Prefeitura de Campo Grande. A Unidade vai atender os moradores do bairro Oliveira II, Uni\u00e3o e Girass\u00f3is, contribuindo para desafogar a UBS do Buriti e UBS Cai\u00e7ara.<\/p>\n<p><strong>Local: UBSF do Jardim Oliveira \u2013 Rua Jo\u00e3o Escobar, esquina com a Rua Orlandina Oliveira Lima \u2013 Jardim Oliveira<\/strong><strong>\u00a0<\/strong><\/p>\n<h2><strong>9h15<\/strong><strong>\u00a0<\/strong><\/h2>\n<p><strong>V\u00eddeo Palestra: Escola Segura<\/strong><\/p>\n<p>Opera\u00e7\u00e3o Escola Segura tem entre seus objetivos orientar pedestres a atravessarem com seguran\u00e7a e coibir a forma\u00e7\u00e3o de fila-dupla nas escolas<strong>\u00a0<\/strong><\/p>\n<p><strong>Local: Escola Municipal Maestro Jo\u00e3o Corr\u00eaa Ribeiro \u2013 Rua Nova Iorque, 227 \u2013 Bairro Campo Novo<\/strong><\/p>\n<h2><strong>13 horas<\/strong><strong>\u00a0<\/strong><\/h2>\n<p><strong>Curso de Capacita\u00e7\u00e3o Profissional<\/strong><\/p>\n<p>Este \u00e9 o in\u00edcio para o curso de capacita\u00e7\u00e3o para a d\u00e9cima turma de 120 jovens. Com este curso a Prefeitura, por meio da Subsecretaria da Juventude, j\u00e1 formou mil jovens.<\/p>\n<p><strong>Local: Faculdade Novoeste \u2013 Rua: Rui Barbosa, 1792<\/strong><strong>\u00a0<\/strong><\/p>\n<h2><strong>14 horas<\/strong><strong>\u00a0<\/strong><\/h2>\n<p><strong>Apresenta\u00e7\u00e3o Teatral: Jos\u00e9 Vit\u00f3ria e outras hist\u00f3rias transitando nos 118 anos de Campo Grande<\/strong><strong>\u00a0<\/strong><\/p>\n<p>Criada e apresentada pela Associa\u00e7\u00e3o Chicomaria Produ\u00e7\u00f5es Culturais, a pe\u00e7a conta uma das hist\u00f3rias de Jos\u00e9, que descende do Bisav\u00f4 Jos\u00e9 Antonio Pereira. Durante sua passagem pela cidade de Campo Grande, Jos\u00e9 vai encontrando pessoas e situa\u00e7\u00f5es que v\u00e3o p\u00f4r \u00e0 prova seus valores e sua ideia de respeito ao pr\u00f3ximo. Tudo costurado com m\u00fasica e humor.<strong>\u00a0<\/strong><\/p>\n<p><strong>Local: Escola Municipal Jo\u00e3o Nepomuceno \u2013 Rua Brigadeiro Tobias, 701 \u2013 Vila Taquarussu<\/strong><strong>\u00a0<\/strong><\/p>\n<h2><strong>16h \u00e0s 23h<\/strong><strong style=\"font-size: 16px\">\u00a0<\/strong><\/h2>\n<p><strong>12\u00aa Edi\u00e7\u00e3o do Festival do Sob\u00e1 <\/strong><\/p>\n<p>Essa tradicional festa mostra os aspectos gastron\u00f4micos da nossa cidade e da cultura japonesa. O Festival ter\u00e1 exposi\u00e7\u00f5es gratuitas de Origami, Ikebana, Artefatos Japoneses e produtos da Parada Nerd. O visitante ter\u00e1 a oportunidade de conhecer os lugares mais belos e exuberantes da regi\u00e3o centro-oeste com a experi\u00eancia do uso dos \u00f3culos digitais em 360 graus.<\/p>\n<p><strong>Local: Feira Central \u2013 Rua 14 de Julho, 3.335 \u2013 Centro<\/strong><strong>\u00a0<\/strong><\/p>\n<h2><strong>17h \u00e0s 24h<\/strong><strong>\u00a0<\/strong><\/h2>\n<p><strong>Circuito Gastron\u00f4mico \u2013 2017<\/strong><strong>\u00a0<\/strong><\/p>\n<p>Durante o Circuito, 21 estabelecimentos estar\u00e3o oferecendo 37 pratos com descontos promocionais<\/p>\n<p><strong>Local: Corredor Gastron\u00f4mico \u2013 Avenida Bom Pastor, 700 \u2013 Bairro Vilas Boas<\/strong><\/p>\n","protected":false},"author":16,"featured_media":0,"template":"","meta":{"custom_icon_class":"","footnotes":""},"categories":[63],"tags":[],"class_list":["post-18554","sec-noticias","type-sec-noticias","status-publish","hentry","category-118-anos"],"acf":[],"_links":{"self":[{"href":"https:\/\/www.campogrande.ms.gov.br\/cgnoticias\/wp-json\/wp\/v2\/sec-noticias\/18554"}],"collection":[{"href":"https:\/\/www.campogrande.ms.gov.br\/cgnoticias\/wp-json\/wp\/v2\/sec-noticias"}],"about":[{"href":"https:\/\/www.campogrande.ms.gov.br\/cgnoticias\/wp-json\/wp\/v2\/types\/sec-noticias"}],"author":[{"embeddable":true,"href":"https:\/\/www.campogrande.ms.gov.br\/cgnoticias\/wp-json\/wp\/v2\/users\/16"}],"version-history":[{"count":0,"href":"https:\/\/www.campogrande.ms.gov.br\/cgnoticias\/wp-json\/wp\/v2\/sec-noticias\/18554\/revisions"}],"wp:attachment":[{"href":"https:\/\/www.campogrande.ms.gov.br\/cgnoticias\/wp-json\/wp\/v2\/media?parent=18554"}],"wp:term":[{"taxonomy":"category","embeddable":true,"href":"https:\/\/www.campogrande.ms.gov.br\/cgnoticias\/wp-json\/wp\/v2\/categories?post=18554"},{"taxonomy":"post_tag","embeddable":true,"href":"https:\/\/www.campogrande.ms.gov.br\/cgnoticias\/wp-json\/wp\/v2\/tags?post=18554"}],"curies":[{"name":"wp","href":"https:\/\/api.w.org\/{rel}","templated":true}]}}