{"id":18523,"date":"2017-08-09T18:55:09","date_gmt":"2017-08-09T22:55:09","guid":{"rendered":"https:\/\/www.campogrande.ms.gov.br\/cgnoticias\/?post_type=sec-noticias&#038;p=18523"},"modified":"2017-08-09T18:56:10","modified_gmt":"2017-08-09T22:56:10","slug":"programacao-de-eventos-para-esta-quinta-feira-10-de-aniversario-de-campo-grande","status":"publish","type":"sec-noticias","link":"https:\/\/www.campogrande.ms.gov.br\/cgnoticias\/noticia\/programacao-de-eventos-para-esta-quinta-feira-10-de-aniversario-de-campo-grande\/","title":{"rendered":"Programa\u00e7\u00e3o de eventos para esta quinta-feira (10) de Anivers\u00e1rio de Campo Grande"},"content":{"rendered":"<p>A Prefeitura de Campo Grande divulga as agendas desta quinta-feira (10) em celebra\u00e7\u00e3o aos 118 anos da Capital, a ser comemorado no dia 26 de agosto. O m\u00eas inteiro ser\u00e1 dedicado ao Anivers\u00e1rio de Campo Grande, com lan\u00e7amento de obras e diversos eventos que celebram a data. Confira a programa\u00e7\u00e3o.<\/p>\n<h2><strong>8 horas<\/strong><strong style=\"font-size: 16px\">\u00a0<\/strong><\/h2>\n<p><strong>O Papel da Equipe T\u00e9cnico-Pedag\u00f3gico no Processo Avaliativo<\/strong><strong>\u00a0<\/strong><\/p>\n<p>O evento contar\u00e1 com dois momentos: a palestra com a Professora Dr\u00aa Anelisa Kisielewski Esteves e, na sequ\u00eancia, a roda de\u00a0 conversa\u00e7\u00e3o como espa\u00e7o de reflex\u00e3o e di\u00e1logo sobre o processo avaliativo na atua\u00e7\u00e3o das equipes t\u00e9cnico-pedag\u00f3gicas das\u00a0escolas. Participam do evento os supervisores escolares, orientadores educacionais, coordenadores pedag\u00f3gicos, apoios pedag\u00f3gicos, diretores, diretores adjuntos e t\u00e9cnicos da Secretaria Municipal de Educa\u00e7\u00e3o de Campo Grande.<\/p>\n<p><strong>Local: Semed \u2013 Centro de Forma\u00e7\u00e3o L\u00fadio Martins Coelho (Vila Margarida)<\/strong><strong>\u00a0<\/strong><\/p>\n<h2><strong>8 horas<\/strong><strong style=\"font-size: 16px\">\u00a0<\/strong><\/h2>\n<p><strong>Apresenta\u00e7\u00e3o Teatral: Jos\u00e9 Vit\u00f3ria e outras hist\u00f3rias transitando nos 118 anos de Campo Grande<\/strong><strong>\u00a0<\/strong><\/p>\n<p>Criada e apresentada pela Associa\u00e7\u00e3o Chicomaria Produ\u00e7\u00f5es Culturais, a pe\u00e7a conta uma das hist\u00f3rias de Jos\u00e9, que descende do Bisav\u00f4 Jos\u00e9 Antonio Pereira. Durante sua passagem pela cidade de Campo Grande, Jos\u00e9 vai encontrando pessoas e situa\u00e7\u00f5es que v\u00e3o p\u00f4r \u00e0 prova seus valores e sua ideia de respeito ao pr\u00f3ximo. Tudo costurado com m\u00fasica e humor.<strong>\u00a0<\/strong><\/p>\n<p><strong>Local: Escola Municipal Professor Arassuay Gomes de Castro \u2013 Rua S\u00e3o Vicente de Paula, s.n. \u2013 Vila Manoel da Costa Lima<\/strong><\/p>\n<h2><strong>9h30<\/strong><strong>\u00a0<\/strong><\/h2>\n<p><strong>Posse dos servidores concursados para a Casa da Mulher Brasileira e Lan\u00e7amento do Selo Igualdade de G\u00eanero (SIG)<\/strong><\/p>\n<p>Buscando a melhoria no atendimento e a necessidade de mais profissionais na \u00e1rea psicossocial e apoio administrativo, a Casa da Mulher Brasileira recebe servidores de carreira para o atendimento \u00e0s mulheres que procuram pelos servi\u00e7os. A Casa atende com apoio Psicossocial, realiza o acolhimento, a escuta qualificada, analisa a demanda e agiliza os encaminhamentos para os servi\u00e7os internos e \u00e0 rede socioassistencial, de acordo com cada caso.<\/p>\n<p><strong>Local: Casa Da Mulher Brasileira \u2013 Rua Bras\u00edlia s.n. \u2013 Jardim Im\u00e1<\/strong><strong>\u00a0<\/strong><\/p>\n<h2><strong>9h30<\/strong><strong>\u00a0<\/strong><\/h2>\n<p><strong>Clube do Setinha: Pedestre e a trilha segura na Cidade Morena<\/strong><\/p>\n<p>O Clube do Setinha \u00e9 um projeto da Agetran que trabalha a educa\u00e7\u00e3o no tr\u00e2nsito por meio de brincadeira e m\u00fasicas. O Clube busca despertar nas crian\u00e7as os conceitos de seguran\u00e7a e cidadania com uma linguagem apropriada para as crian\u00e7as visando a educa\u00e7\u00e3o sobre o tr\u00e2nsito. As crian\u00e7as de hoje ser\u00e3o os motoristas ou pedestres de amanh\u00e3, \u00e9 importante que aprendam, desde cedo, os conceitos do tr\u00e2nsito.<\/p>\n<p><strong>Local: Escola Municipal Imaculada Concei\u00e7\u00e3o \u2013 Travessa Born\u00e9u, s.n. \u2013 Jardim Batist\u00e3o<\/strong><strong>\u00a0<\/strong><\/p>\n<h2><strong>13 horas<\/strong><strong>\u00a0<\/strong><\/h2>\n<p><strong>Curso de Capacita\u00e7\u00e3o Profissional<\/strong><strong>\u00a0<\/strong><\/p>\n<p>Este \u00e9 o in\u00edcio para o curso de capacita\u00e7\u00e3o para a d\u00e9cima turma de 120 jovens. Com este curso a Prefeitura, por meio da Subsecretaria da Juventude, j\u00e1 formou mil jovens.<\/p>\n<p><strong>Local: Faculdade Novoeste \u2013 Rua: Rui Barbosa, 1792<\/strong><strong>\u00a0<\/strong><\/p>\n<h2><strong>15h30<\/strong><strong>\u00a0<\/strong><\/h2>\n<p><strong>Clube do Setinha: Pedestre e a Trilha Segura na Cidade Morena<\/strong><strong>\u00a0<\/strong><\/p>\n<p>O Clube do Setinha \u00e9 um projeto da Agetran que trabalha a educa\u00e7\u00e3o no tr\u00e2nsito por meio de brincadeira e m\u00fasicas. O Clube busca despertar nas crian\u00e7as os conceitos de seguran\u00e7a e cidadania com uma linguagem apropriada para as crian\u00e7as visando a educa\u00e7\u00e3o sobre o tr\u00e2nsito. As crian\u00e7as de hoje ser\u00e3o os motoristas ou pedestres de amanh\u00e3, \u00e9 importante que aprendam, desde cedo, os conceitos do tr\u00e2nsito.<strong>\u00a0<\/strong><\/p>\n<p><strong>Local: Escola Municipal Imaculada Concei\u00e7\u00e3o \u2013 Travessa Born\u00e9u, s.n. \u2013 Jardim Batist\u00e3o<\/strong><\/p>\n<h2><strong>18 horas<\/strong><strong style=\"font-size: 16px\">\u00a0<\/strong><\/h2>\n<p><strong>Entrega de Medalhas Jos\u00e9 Ant\u00f4nio Pereira<\/strong><\/p>\n<p>Todos os anos, no m\u00eas de agosto, a prefeitura homenageia com medalhas os Guardas Civis Municipais que se destacaram no decorrer do ano.\u00a0 A homenagem acontece sempre pr\u00f3ximo a data em que se comemora o anivers\u00e1rio da Guarda Civil, 10 de agosto.<strong>\u00a0<\/strong><\/p>\n<p><strong>Local: C\u00e2mara Municipal de Campo Grande \u2013 Rua Ricardo Brand\u00e3o, 1.400<\/strong><\/p>\n<h2><strong>19h30<\/strong><strong>\u00a0<\/strong><\/h2>\n<p><strong>Abertura Oficial da 12\u00aa Edi\u00e7\u00e3o do Festival do Sob\u00e1 (o evento acontece das 16h \u00e0s 23h)<\/strong><strong>\u00a0<\/strong><\/p>\n<p>Essa tradicional festa mostra os aspectos gastron\u00f4micos da nossa cidade e da cultura japonesa. O Festival ter\u00e1 exposi\u00e7\u00f5es gratuitas de Origami, Ikebana, Artefatos Japoneses e produtos da Parada Nerd. O visitante ter\u00e1 a oportunidade de conhecer os lugares mais belos e exuberantes da regi\u00e3o centro-oeste com a experi\u00eancia do uso dos \u00f3culos digitais em 360 graus. H<strong>aver\u00e1 Show com Guilherme e Santiago, \u00e0s 21 horas<\/strong><\/p>\n<p><strong>Local: Feira Central \u2013 Rua 14 de Julho, 3.335 \u2013 Centro<\/strong><strong>\u00a0<\/strong><\/p>\n<h2><strong>19h30 <\/strong><\/h2>\n<p><strong>Jantar de Gala \u2013 Comemora\u00e7\u00e3o do Anivers\u00e1rio da Guarda Civil Municipal<\/strong><strong>\u00a0<\/strong><\/p>\n<p>O jantar ser\u00e1 em comemora\u00e7\u00e3o aos 27 anos da Guarda Civil Municipal, oferecendo aos servidores um momento de comunh\u00e3o em men\u00e7\u00e3o ao dia como profissionais. O jantar ser\u00e1 para guardas civis municipais e familiares.<strong>\u00a0<\/strong><\/p>\n<p><strong>Local: Centro de M\u00faltiplas Refer\u00eancias de Conviv\u00eancia do Idoso \u2013 Vov\u00f3 Ziza \u2013 Rua Joaquim Murtinho, 3.117 \u2013 Bairro Tiradentes<\/strong><strong>\u00a0<\/strong><\/p>\n<h2><strong>19h30 <\/strong><\/h2>\n<p><strong>Circuito Gastron\u00f4mico \u2013 2017<\/strong><strong>\u00a0<\/strong><\/p>\n<p>Durante o Circuito, 21 estabelecimentos estar\u00e3o oferecendo 37 pratos com descontos promocionais. A abertura oficial do evento acontece na Pra\u00e7a do Peixe, com a apresenta\u00e7\u00e3o do cantor Andr\u00e9 Santinni e do sanfoneiro Roberto Rech J\u00fanior.<\/p>\n<p><strong>Local: Corredor Gastron\u00f4mico \u2013 Avenida Bom Pastor, 700 \u2013 Bairro Vilas Boas<\/strong><\/p>\n<p><strong>\u00a0<\/strong><\/p>\n<p><strong>\u00a0<\/strong><\/p>\n","protected":false},"author":16,"featured_media":0,"template":"","meta":{"custom_icon_class":"","footnotes":""},"categories":[63],"tags":[],"class_list":["post-18523","sec-noticias","type-sec-noticias","status-publish","hentry","category-118-anos"],"acf":[],"_links":{"self":[{"href":"https:\/\/www.campogrande.ms.gov.br\/cgnoticias\/wp-json\/wp\/v2\/sec-noticias\/18523"}],"collection":[{"href":"https:\/\/www.campogrande.ms.gov.br\/cgnoticias\/wp-json\/wp\/v2\/sec-noticias"}],"about":[{"href":"https:\/\/www.campogrande.ms.gov.br\/cgnoticias\/wp-json\/wp\/v2\/types\/sec-noticias"}],"author":[{"embeddable":true,"href":"https:\/\/www.campogrande.ms.gov.br\/cgnoticias\/wp-json\/wp\/v2\/users\/16"}],"version-history":[{"count":0,"href":"https:\/\/www.campogrande.ms.gov.br\/cgnoticias\/wp-json\/wp\/v2\/sec-noticias\/18523\/revisions"}],"wp:attachment":[{"href":"https:\/\/www.campogrande.ms.gov.br\/cgnoticias\/wp-json\/wp\/v2\/media?parent=18523"}],"wp:term":[{"taxonomy":"category","embeddable":true,"href":"https:\/\/www.campogrande.ms.gov.br\/cgnoticias\/wp-json\/wp\/v2\/categories?post=18523"},{"taxonomy":"post_tag","embeddable":true,"href":"https:\/\/www.campogrande.ms.gov.br\/cgnoticias\/wp-json\/wp\/v2\/tags?post=18523"}],"curies":[{"name":"wp","href":"https:\/\/api.w.org\/{rel}","templated":true}]}}