{"id":18315,"date":"2017-08-07T17:00:15","date_gmt":"2017-08-07T21:00:15","guid":{"rendered":"https:\/\/www.campogrande.ms.gov.br\/cgnoticias\/?post_type=sec-noticias&#038;p=18315"},"modified":"2017-08-07T16:09:25","modified_gmt":"2017-08-07T20:09:25","slug":"programacao-de-eventos-para-esta-terca-feira-de-aniversario-de-campo-grande","status":"publish","type":"sec-noticias","link":"https:\/\/www.campogrande.ms.gov.br\/cgnoticias\/noticia\/programacao-de-eventos-para-esta-terca-feira-de-aniversario-de-campo-grande\/","title":{"rendered":"Programa\u00e7\u00e3o de eventos para esta ter\u00e7a-feira de Anivers\u00e1rio de Campo Grande"},"content":{"rendered":"<p>A Prefeitura de Campo Grande divulga as agendas desta ter\u00e7a-feira (8) em celebra\u00e7\u00e3o aos 118 anos da Capital, a ser comemorado no dia 26 de agosto. O m\u00eas inteiro ser\u00e1 dedicado ao Anivers\u00e1rio de Campo Grande, com lan\u00e7amento de obras e diversos eventos que celebram a data. Confira a programa\u00e7\u00e3o.<strong>\u00a0<\/strong><\/p>\n<p><strong>\u00a0<\/strong><\/p>\n<h2><strong><u>8 horas \u00e0s 12 horas<\/u><\/strong><\/h2>\n<p><strong>\u00a0<\/strong><\/p>\n<p><strong>Oportunidade para a Agricultura Familiar<\/strong><strong>\u00a0<\/strong><\/p>\n<p>A Sedesc promove o evento no sentido de ampliar o conhecimento dos agricultores (as) familiares sobre temas de fundamental import\u00e2ncia para o setor. Trata-se de uma oportunidade para esse p\u00fablico conhecer, tirar duvidas e oportunizar o acesso a pol\u00edticas p\u00fablicas que podem contribuir para o desenvolvimento s\u00f3cioecon\u00f4mico da Agricultura Familiar do Munic\u00edpio.<\/p>\n<p>Ser\u00e3o cinco palestras sobre temas relacionados \u00e0s necessidades b\u00e1sicas da Agricultura Familiar como: cr\u00e9dito para financiamento da produ\u00e7\u00e3o; mercado local de hortifruti; pol\u00edticas p\u00fablicas de compras governamentais PNAE, PAA; assist\u00eancia t\u00e9cnica e crit\u00e9rios de credenciamento do pequeno agricultor para obter a DAP e declara\u00e7\u00e3o de aptid\u00e3o ao Programa Nacional de fortalecimento a Agricultura Familiar PRONAF.<\/p>\n<p><strong>Local: Audit\u00f3rio a Esplanada dos Ferrovi\u00e1rios<\/strong><\/p>\n<p><strong>Avenida Cal\u00f3geras com a Avenida Mato Grosso \u2013 Centro.<\/strong><\/p>\n<p><strong>\u00a0<\/strong><\/p>\n<h2><strong>\u00a0<\/strong><strong><u>8 horas<\/u><\/strong><strong>\u00a0<\/strong><\/h2>\n<p><strong>Projeto Escola Segura e Guarda Amiga<\/strong><strong>\u00a0<\/strong><\/p>\n<p>O projeto criado pela Guarda Civil Municipal, atrav\u00e9s da Superintend\u00eancia de a\u00e7\u00f5es Preventivas ao Uso de Drogas, prev\u00ea\u00a0a realiza\u00e7\u00e3o de a\u00e7\u00f5es pr\u00e1ticas de preven\u00e7\u00e3o e promo\u00e7\u00e3o de cultura de paz nas\u00a0escolas\u00a0at\u00e9 a\u00e7\u00f5es de qualifica\u00e7\u00e3o e treinamento de pessoal para atua\u00e7\u00e3o no ambiente\u00a0escolar.<\/p>\n<p><strong>\u00a0<\/strong><\/p>\n<p><strong>Local: Semed \u2013 Centro de Forma\u00e7\u00e3o L\u00fadio Martins Coelho<\/strong><\/p>\n<p><strong>Rua Onicieto Severo Monteiro, 460 \u2013 Vila Margarida <\/strong><\/p>\n<p><strong>\u00a0<\/strong><\/p>\n<h2><strong><u>9 horas<\/u><\/strong><\/h2>\n<p><strong>Dia do Pedestre, Abordagem Educativa:<\/strong><\/p>\n<p><strong>Pedestre sua escolha faz a diferen\u00e7a ao andar pela Cidade Morena<\/strong><strong>\u00a0<\/strong><\/p>\n<p>O Dia Internacional do Pedestre \u00e9 comemorado em 8 de agosto. A data \u00e9 uma lembran\u00e7a ao cuidado que motoristas, motociclistas e ciclistas devem ter com quem est\u00e1 a p\u00e9 e que tamb\u00e9m utiliza o espa\u00e7o nas ruas. Durante as a\u00e7\u00f5es, ser\u00e3o distribu\u00eddos informativos com dicas para garantir a seguran\u00e7a de todos envolvidos no tr\u00e2nsito.<\/p>\n<p><strong>Local: Mercado Municipal<\/strong><\/p>\n<p><strong>Rua 7 de Setembro, 65 \u2013 Centro.<\/strong><\/p>\n<p><strong>\u00a0<\/strong><\/p>\n<h2><strong><u>9 horas<\/u><\/strong><\/h2>\n<p><strong>Colheita do Projeto Mesa Mais Verde \u2013 Hortas Comunit\u00e1rias<\/strong><strong>\u00a0<\/strong><\/p>\n<p>O Projeto Mesa Mais Verde realiza o plantio de hortali\u00e7as nas Escolas da Reme, Ceinfs, incubadoras, institui\u00e7\u00f5es de caridade e cl\u00ednicas de recupera\u00e7\u00e3o. O projeto \u00e9 voltado para a \u00e1rea educativa, terapia, gera\u00e7\u00e3o de renda e educa\u00e7\u00e3o alimentar. Atualmente, 20 hortas est\u00e3o em funcionamento e a previs\u00e3o de que at\u00e9 o fim do ano mais 30 sejam ativadas.<strong>\u00a0<\/strong><\/p>\n<p><strong>Local: Incubadora Municipal Norma Edward Hanson<\/strong><\/p>\n<p><strong>Avenida General Alberto Carlos Mendon\u00e7a Lima, 2.251 \u2013 Jardim S\u00e3o Conrado.<\/strong><strong>\u00a0<\/strong><\/p>\n<p><strong>\u00a0<\/strong><\/p>\n<h2><strong><u>13h30<\/u><\/strong><strong>\u00a0<\/strong><\/h2>\n<p><strong>Assinatura do Termo de Coopera\u00e7\u00e3o entre a Sedesc e o Instituto Mirim de Campo Grande para inser\u00e7\u00e3o dos adolescentes junto ao mercado de trabalho.<\/strong><strong>\u00a0<\/strong><\/p>\n<p>O termo de coopera\u00e7\u00e3o tem a finalidade de estabelecer rela\u00e7\u00f5es conjuntas de apoio m\u00fatuo entre a Sedesc e o Instituto Mirim de Campo Grande \u2013 MS para implementar e desenvolver a pr\u00e1tica de sensibiliza\u00e7\u00e3o junto aos empres\u00e1rios e empreendedores das 07 regi\u00f5es de Campo Grande-MS, inclusive dos polos empresariais do Prodes, acerca da import\u00e2ncia de absor\u00e7\u00e3o da m\u00e3o de obra qualificada de jovens profissionais oriundos do Instituto Mirim de Campo Grande.<strong>\u00a0<\/strong><\/p>\n<p><strong>Local: Instituto Mirim de Campo Grande <\/strong><\/p>\n<p><strong>Avenida F\u00e1bio Zahran, 600 &#8211; Vila Carvalho<\/strong><strong>\u00a0<\/strong><\/p>\n<p><strong>\u00a0<\/strong><\/p>\n<h2><strong><u>14 horas<\/u><\/strong><strong><u>\u00a0<\/u><\/strong><\/h2>\n<p><strong>Lan\u00e7amento do Livro: Brad, o Urso Azul<\/strong><strong>\u00a0<\/strong><\/p>\n<p>O livro \u201cBrad, o Urso Azul\u201d, foi escrito pelo aluno Fernando Gaspar da Silva, estudante da escola\u00a0municipal Harry Amorim Costa. Fernando, que \u00e9 autista, tem encontrado na literatura um canal para ajudar na socializa\u00e7\u00e3o com os colegas, al\u00e9m de revelar seu talento de escritor. Ele\u00a0j\u00e1 est\u00e1 finalizando a continua\u00e7\u00e3o do seu primeiro livro.<strong>\u00a0<\/strong><\/p>\n<p><strong>Local: Semed Centro de Forma\u00e7\u00e3o L\u00fadio Martins Coelho<\/strong><\/p>\n<p><strong>Rua Onicieto Severo Monteiro, 460 \u2013 Vila Margarida <\/strong><\/p>\n<p><strong>\u00a0<\/strong><\/p>\n<h2><strong>\u00a0<\/strong><strong><u>14 horas<\/u><\/strong><strong>\u00a0<\/strong><\/h2>\n<p><strong>Apresenta\u00e7\u00e3o Teatral: Jos\u00e9 Vit\u00f3ria e outras hist\u00f3rias transitando nos 118 anos de Campo Grande.<\/strong><strong>\u00a0<\/strong><\/p>\n<p>Criada e apresentada pela Associa\u00e7\u00e3o Chicomaria Produ\u00e7\u00f5es Culturais, a pe\u00e7a conta uma das hist\u00f3rias de Jos\u00e9, que descende do Bisav\u00f4 Jos\u00e9 Antonio Pereira. Durante sua passagem pela cidade de Campo Grande, Jos\u00e9 vai encontrando pessoas e situa\u00e7\u00f5es que v\u00e3o p\u00f4r \u00e0 prova seus valores e sua ideia de respeito ao pr\u00f3ximo. Tudo costurado com m\u00fasica e humor.<\/p>\n<p><strong>\u00a0<\/strong><strong>Local: Col\u00e9gio Vip <\/strong><\/p>\n<p><strong>Rua Engenheiro Ant\u00f4nio G\u00f3es, 281 \u2013 Portal Panam\u00e1. <\/strong><\/p>\n<p><strong>\u00a0<\/strong><\/p>\n<p>&nbsp;<\/p>\n<p>&nbsp;<\/p>\n<p><strong>\u00a0<\/strong><\/p>\n","protected":false},"author":16,"featured_media":0,"template":"","meta":{"custom_icon_class":"","footnotes":""},"categories":[63],"tags":[],"class_list":["post-18315","sec-noticias","type-sec-noticias","status-publish","hentry","category-118-anos"],"acf":[],"_links":{"self":[{"href":"https:\/\/www.campogrande.ms.gov.br\/cgnoticias\/wp-json\/wp\/v2\/sec-noticias\/18315"}],"collection":[{"href":"https:\/\/www.campogrande.ms.gov.br\/cgnoticias\/wp-json\/wp\/v2\/sec-noticias"}],"about":[{"href":"https:\/\/www.campogrande.ms.gov.br\/cgnoticias\/wp-json\/wp\/v2\/types\/sec-noticias"}],"author":[{"embeddable":true,"href":"https:\/\/www.campogrande.ms.gov.br\/cgnoticias\/wp-json\/wp\/v2\/users\/16"}],"version-history":[{"count":0,"href":"https:\/\/www.campogrande.ms.gov.br\/cgnoticias\/wp-json\/wp\/v2\/sec-noticias\/18315\/revisions"}],"wp:attachment":[{"href":"https:\/\/www.campogrande.ms.gov.br\/cgnoticias\/wp-json\/wp\/v2\/media?parent=18315"}],"wp:term":[{"taxonomy":"category","embeddable":true,"href":"https:\/\/www.campogrande.ms.gov.br\/cgnoticias\/wp-json\/wp\/v2\/categories?post=18315"},{"taxonomy":"post_tag","embeddable":true,"href":"https:\/\/www.campogrande.ms.gov.br\/cgnoticias\/wp-json\/wp\/v2\/tags?post=18315"}],"curies":[{"name":"wp","href":"https:\/\/api.w.org\/{rel}","templated":true}]}}