{"id":18188,"date":"2017-08-03T17:30:35","date_gmt":"2017-08-03T21:30:35","guid":{"rendered":"https:\/\/www.campogrande.ms.gov.br\/cgnoticias\/?post_type=sec-noticias&#038;p=18188"},"modified":"2017-08-04T11:45:35","modified_gmt":"2017-08-04T15:45:35","slug":"programacao-do-quarto-dia-de-eventos-do-aniversario-de-campo-grande","status":"publish","type":"sec-noticias","link":"https:\/\/www.campogrande.ms.gov.br\/cgnoticias\/noticia\/programacao-do-quarto-dia-de-eventos-do-aniversario-de-campo-grande\/","title":{"rendered":"Programa\u00e7\u00e3o do quarto dia de eventos do Anivers\u00e1rio de Campo Grande"},"content":{"rendered":"<p>A Prefeitura de Campo Grande divulga as agendas desta sexta-feira (4) em celebra\u00e7\u00e3o aos 118 anos da Capital, a ser comemorado no dia 26 de agosto. O m\u00eas inteiro ser\u00e1 dedicado ao Anivers\u00e1rio de Campo Grande, com lan\u00e7amento de obras e diversos eventos que celebram a data. Confira a programa\u00e7\u00e3o.<\/p>\n<h2><strong>9 horas:<\/strong><\/h2>\n<p><strong>Clube do Setinha: Pedestre e a trilha segura na Cidade Morena<\/strong><\/p>\n<p>O Clube do Setinho \u00e9 um projeto da Agetran que trabalha a educa\u00e7\u00e3o no tr\u00e2nsito por meio de brincadeira e m\u00fasicas. O Clube busca despertar nas crian\u00e7as os conceitos de seguran\u00e7a e cidadania com uma linguagem apropriada para as crian\u00e7as visando a educa\u00e7\u00e3o sobre o tr\u00e2nsito. As crian\u00e7as de hoje ser\u00e3o os motoristas ou pedestres de amanh\u00e3, \u00e9 importante que aprendam, desde cedo, os conceitos do tr\u00e2nsito.<\/p>\n<p>Local: Escola Estadual Maestro Heitor Villa Lobos<\/p>\n<p>Rua Ant\u00f4nio Estev\u00e3o Figueiredo, 204 \u2013 Bairro Parati<\/p>\n<h2><strong>14 horas:<\/strong><\/h2>\n<p><strong>Apresenta\u00e7\u00e3o Teatral: Jos\u00e9 Vit\u00f3ria e outras hist\u00f3rias transitando os 118 anos de <\/strong><\/p>\n<p><strong>Campo Grande<\/strong><\/p>\n<p>Criada e apresentada pela Associa\u00e7\u00e3o Chicomaria Produ\u00e7\u00f5es Culturais, a pe\u00e7a conta uma das hist\u00f3rias de Jos\u00e9, que descende do Bisav\u00f4 Jos\u00e9 Antonio Pereira, sujeito que veio de Minas. Nosso Jos\u00e9, o bisneto, mora no Pantanal e veio para Campo Grande pela segunda vez para ajudar a sua av\u00f3.<\/p>\n<p>Logo de cara, Jos\u00e9 se depara com as diferen\u00e7as da vida tranquila no campo e da agita\u00e7\u00e3o da cidade que crescera desde a primeira vez que esteve por aqui, especialmente no tr\u00e2nsito. Durante sua passagem pela cidade de Campo Grande, Jos\u00e9 vai encontrando pessoas e situa\u00e7\u00f5es que v\u00e3o p\u00f4r \u00e0 prova seus valores e sua ideia de respeito ao pr\u00f3ximo. Tudo costurado com m\u00fasica, humor e a alegria do r\u00e1dio, j\u00e1 que o radialista Jer\u00f4nimo Geraldo \u00e9 o \u00eddolo do nosso protagonista e o aparelho de r\u00e1dio \u00e9 seu fiel companheiro.<\/p>\n<p><strong>Local: Col\u00e9gio Alceu Viana <\/strong><\/p>\n<p><strong>\u2013 Avenida Senhor do Bonfim, 655\u00a0<\/strong><strong>Parque Novos Estados<\/strong><\/p>\n<h2><strong>14 horas:<\/strong><\/h2>\n<p><strong>Saberes em Foco: Projeto A\u00e7\u00e3o<\/strong><\/p>\n<p>Por meio do Saberes em Foco ser\u00e1 levado aos profissionais, mini cursos de capacita\u00e7\u00e3o, ligados ao programa \u201cEduca\u00e7\u00e3o em Foco: m\u00faltiplas dimens\u00f5es da forma\u00e7\u00e3o continuada\u201d, lan\u00e7ado no primeiro semestre.<\/p>\n<p>Os cursos s\u00e3o voltados para toda a comunidade escolar, incluindo diretores, professores, apoios pedag\u00f3gicos, alunos com defici\u00eancia e seus familiares. O objetivo \u00e9 garantir a qualidade do ensino oferecido pela Reme, valorizando a troca de experi\u00eancias entre os profissionais, a forma\u00e7\u00e3o e o conhecimento cient\u00edfico.<\/p>\n<p>Os mini cursos s\u00e3o previstos no Plano Nacional de Educa\u00e7\u00e3o e ir\u00e3o atender profissionais que atuam na Educa\u00e7\u00e3o B\u00e1sica.<\/p>\n<p><strong>Local: Semed \u2013 Centro de Forma\u00e7\u00e3o L\u00fadio Martins Coelho <\/strong><\/p>\n<p><strong>Rua Onicieto Severo Monteiro, 460 \u2013 Vila Margarida<\/strong><\/p>\n<p>&nbsp;<\/p>\n<h2><strong>14 horas:<\/strong><\/h2>\n<p><strong>Encontro de Lideran\u00e7as <\/strong><\/p>\n<p>O Encontro de Lideran\u00e7as tem esse prop\u00f3sito. Fomentar a organiza\u00e7\u00e3o de grupos de mulheres e formar lideran\u00e7as \u00e9 nosso desafio. \u00c9 a prefeitura municipal de Campo Grande, dando voz e vez as mulheres.<\/p>\n<p>Objetivo:<\/p>\n<p>Formula\u00e7\u00e3o de pol\u00edticas p\u00fablicas para assegurar \u00e0 mulher o exerc\u00edcio pleno de seus direitos e a sua participa\u00e7\u00e3o no desenvolvimento econ\u00f4mico, social e cultural do Munic\u00edpio.\u201d<\/p>\n<p>A proposi\u00e7\u00e3o de a\u00e7\u00f5es voltadas para a elimina\u00e7\u00e3o da discrimina\u00e7\u00e3o e da viol\u00eancia que atinge a mulher, possibilitando a promo\u00e7\u00e3o de sua integra\u00e7\u00e3o como cidad\u00e3 em todos os aspectos da vida econ\u00f4mica, social, pol\u00edtica e cultural do Munic\u00edpio.\u201d<\/p>\n<p><strong>Local: Audit\u00f3rio da Semu<\/strong><\/p>\n<p><strong>Rua 15 de Novembro, 1.373<\/strong><\/p>\n<p>&nbsp;<\/p>\n<h2><strong>15 horas: <\/strong><\/h2>\n<p><strong>Clube do Setinha: Pedestre e a trilha segura na Cidade Morena<\/strong><\/p>\n<p>O Clube do Setinha \u00e9 um projeto da Agetran que trabalha a educa\u00e7\u00e3o no tr\u00e2nsito por meio de brincadeira e m\u00fasicas. O Clube busca despertar nas crian\u00e7as os conceitos de seguran\u00e7a e cidadania com uma linguagem apropriada para as crian\u00e7as visando a educa\u00e7\u00e3o sobre o tr\u00e2nsito. As crian\u00e7as de hoje ser\u00e3o os motoristas ou pedestres de amanh\u00e3, \u00e9 importante que aprendam, desde cedo, os conceitos do tr\u00e2nsito.<\/p>\n<p><strong>Local: Escola Municipal Maestro Jo\u00e3o Correa<\/strong><\/p>\n<p><strong>Rua Nova Iorque, 227 &#8211;\u00a0Bairro Campo Novo<\/strong><\/p>\n<p>&nbsp;<\/p>\n<h2><strong>16 horas:<\/strong><\/h2>\n<p><strong>Abordagem Educativa Escola Segura \u00a0<\/strong><\/p>\n<p>Opera\u00e7\u00e3o Escola Segura tem entre seus objetivos orientar pedestres a atravessarem com seguran\u00e7a e coibir a forma\u00e7\u00e3o de fila-dupla nas escolas.<\/p>\n<p>Fomentar o desenvolvimento de olhar cr\u00edtico e observador em rela\u00e7\u00e3o ao meio que o circunda, percebendo suas complexas e estreitas rela\u00e7\u00f5es.\u00a0 Observar o tr\u00e2nsito da regi\u00e3o onde a atividade for realizada, explicando aos usu\u00e1rios medidas de seguran\u00e7a que devemos adotar ao circular por ruas e avenidas. Integrar os professores e alunos no trabalho de educa\u00e7\u00e3o no tr\u00e2nsito, para que apliquem e multipliquem os conhecimentos adquiridos durante a atividade aos demais colegas.<\/p>\n<p>&nbsp;<\/p>\n<p><strong>Local: Escola Municipal Maestro Jo\u00e3o Correa<\/strong><\/p>\n<p><strong>Rua Nova Iorque, 227 &#8211;\u00a0Bairro Campo Novo<\/strong><\/p>\n<p>&nbsp;<\/p>\n<h2><strong>19 horas:<\/strong><\/h2>\n<p><strong>Lan\u00e7amento do Programa M\u00e3os que levantam Campo Grande e\u00a0<\/strong><strong>Entrega de Men\u00e7\u00e3o Honrosa <\/strong><\/p>\n<p>O Programa M\u00e3os que Levantam Campo Grande, foi criado com o objetivo de implantar projetos e a\u00e7\u00f5es de car\u00e1ter humanit\u00e1rio e social nas comunidades carentes do Munic\u00edpio de Campo Grande em \u00e1reas estrat\u00e9gicas como: Aten\u00e7\u00e3o \u00e0 Gestante e a Primeira Inf\u00e2ncia,\u00a0 Educa\u00e7\u00e3o Infantil, Defesa dos Direitos da Crian\u00e7a e do Adolescente,\u00a0 Desenvolvimento Local, Seguran\u00e7a Alimentar, A\u00e7\u00e3o Social e Comunit\u00e1ria, Nutri\u00e7\u00e3o e Sa\u00fade, Justi\u00e7a Social e Cidadania, Respeito \u00e0 Diversidade, Combate \u00e0 viol\u00eancia e ao uso de Drogas, Campanhas Humanit\u00e1rias.<\/p>\n<p><strong>Audit\u00f3rio do Instituto Mirim<\/strong><\/p>\n<p><strong>Rua Anhandui , 294 \u2013 Bairro Amamba\u00ed.<br \/>\n<\/strong><\/p>\n","protected":false},"author":1,"featured_media":0,"template":"","meta":{"custom_icon_class":"","footnotes":""},"categories":[],"tags":[],"class_list":["post-18188","sec-noticias","type-sec-noticias","status-publish","hentry"],"acf":[],"_links":{"self":[{"href":"https:\/\/www.campogrande.ms.gov.br\/cgnoticias\/wp-json\/wp\/v2\/sec-noticias\/18188"}],"collection":[{"href":"https:\/\/www.campogrande.ms.gov.br\/cgnoticias\/wp-json\/wp\/v2\/sec-noticias"}],"about":[{"href":"https:\/\/www.campogrande.ms.gov.br\/cgnoticias\/wp-json\/wp\/v2\/types\/sec-noticias"}],"author":[{"embeddable":true,"href":"https:\/\/www.campogrande.ms.gov.br\/cgnoticias\/wp-json\/wp\/v2\/users\/1"}],"version-history":[{"count":0,"href":"https:\/\/www.campogrande.ms.gov.br\/cgnoticias\/wp-json\/wp\/v2\/sec-noticias\/18188\/revisions"}],"wp:attachment":[{"href":"https:\/\/www.campogrande.ms.gov.br\/cgnoticias\/wp-json\/wp\/v2\/media?parent=18188"}],"wp:term":[{"taxonomy":"category","embeddable":true,"href":"https:\/\/www.campogrande.ms.gov.br\/cgnoticias\/wp-json\/wp\/v2\/categories?post=18188"},{"taxonomy":"post_tag","embeddable":true,"href":"https:\/\/www.campogrande.ms.gov.br\/cgnoticias\/wp-json\/wp\/v2\/tags?post=18188"}],"curies":[{"name":"wp","href":"https:\/\/api.w.org\/{rel}","templated":true}]}}