{"id":18093,"date":"2017-08-02T16:42:02","date_gmt":"2017-08-02T20:42:02","guid":{"rendered":"https:\/\/www.campogrande.ms.gov.br\/cgnoticias\/?post_type=sec-noticias&#038;p=18093"},"modified":"2017-08-02T16:42:02","modified_gmt":"2017-08-02T20:42:02","slug":"programacao-do-terceiro-dia-de-eventos-do-aniversario-de-campo-grande","status":"publish","type":"sec-noticias","link":"https:\/\/www.campogrande.ms.gov.br\/cgnoticias\/noticia\/programacao-do-terceiro-dia-de-eventos-do-aniversario-de-campo-grande\/","title":{"rendered":"Programa\u00e7\u00e3o do terceiro dia de eventos do Anivers\u00e1rio de Campo Grande"},"content":{"rendered":"<p>A Prefeitura de Campo Grande divulga a agenda desta quinta-feira (3)\u00a0em celebra\u00e7\u00e3o aos 118 anos da Capital, a ser comemorado no dia 26 de agosto. O m\u00eas inteiro ser\u00e1 dedicado ao Anivers\u00e1rio de Campo Grande, com lan\u00e7amento de obras e diversos eventos que celebram a data. Confira a programa\u00e7\u00e3o.<\/p>\n<h2><strong>\u00a08 \u00e0s 14 horas:<\/strong><\/h2>\n<p><strong>Lan\u00e7amento do 1\u00ba Ciclo de Palestras Motiva\u00e7\u00e3o em Foco<\/strong><\/p>\n<p>O objetivo \u00e9 trabalhar a auto-estima e a valoriza\u00e7\u00e3o desses profissionais, abordando temas relacionados a rotina de trabalho desses servidores. A realiza\u00e7\u00e3o de cursos e capacita\u00e7\u00f5es t\u00eam sido uma das principais metas da gest\u00e3o atual da Semed.<\/p>\n<p><strong>Local: Semed &#8211; Centro de Forma\u00e7\u00e3o L\u00fadio Martins Coelho &#8211;\u00a0Rua Onicieto Severo Monteiro, 460 \u2013 Vila Margarida.<\/strong><\/p>\n<p>&nbsp;<\/p>\n<h2><strong>8 horas:<\/strong><\/h2>\n<p><strong>Apresenta\u00e7\u00e3o Teatral: Jos\u00e9 Vit\u00f3ria e outras hist\u00f3rias transitando nos 118 anos de Campo Grande<\/strong><\/p>\n<p>Criada e apresentada pela Associa\u00e7\u00e3o Chicomaria Produ\u00e7\u00f5es Culturais, a pe\u00e7a conta uma das hist\u00f3rias de Jos\u00e9, que descende do Bisav\u00f4 Jos\u00e9 Antonio Pereira, sujeito que veio de Minas. Nosso Jos\u00e9, o bisneto, mora no Pantanal e veio para Campo Grande pela segunda vez para ajudar a sua av\u00f3.<\/p>\n<p>Logo de cara, Jos\u00e9 se depara com as diferen\u00e7as da vida tranquila no campo e da agita\u00e7\u00e3o da cidade que crescera desde a primeira vez que esteve por aqui, especialmente no tr\u00e2nsito. Durante sua passagem pela cidade de Campo Grande, Jos\u00e9 vai encontrando pessoas e situa\u00e7\u00f5es que v\u00e3o p\u00f4r \u00e0 prova seus valores e sua ideia de respeito ao pr\u00f3ximo. Tudo costurado com m\u00fasica, humor e a alegria do r\u00e1dio, j\u00e1 que o radialista Jer\u00f4nimo Geraldo \u00e9 o \u00eddolo do nosso protagonista e o aparelho de r\u00e1dio \u00e9 seu fiel companheiro.<\/p>\n<p><strong>Local: Escola Municipal domingos Gon\u00e7alves Gomes &#8211;\u00a0Rua Bar\u00e3o do Rio de Limeira, 599 \u2013 Jardim Colonial<\/strong><\/p>\n<p>&nbsp;<\/p>\n<h2><strong>8h15: <\/strong><\/h2>\n<p><strong>Campo Grande Smart City<\/strong><\/p>\n<p>O <em>Campo Grande Smart City <\/em>traz para a cidade palestras com profissionais renomados, com foco em lideran\u00e7a, desenvolvimento sustent\u00e1vel, conceitos de tecnologia e aplica\u00e7\u00f5es inteligentes.<\/p>\n<p>O evento vem ao encontro do\u00a0trabalho que a ag\u00eancia de tecnologia da Prefeitura est\u00e1 fazendo ao debater solu\u00e7\u00f5es tecnol\u00f3gicas que se movimentem em todas as \u00e1reas, mas principalmente naquelas que s\u00e3o de utilidade p\u00fablica e que a popula\u00e7\u00e3o mais utiliza.<\/p>\n<p><strong>Local: SEBRAE \u2013 Avenida Mato Grosso, 1661 \u2013 Centro<\/strong><\/p>\n<p>&nbsp;<\/p>\n<h2><strong>15 horas:<\/strong><\/h2>\n<p><strong>Clube do Setinha: Pedestre e a trilha segura na Cidade Morena<\/strong><\/p>\n<p>O Clube do Setinha \u00e9 um projeto da Agetran que trabalha a educa\u00e7\u00e3o no tr\u00e2nsito por meio de brincadeira e m\u00fasicas. O Clube busca despertar nas crian\u00e7as os conceitos de seguran\u00e7a e cidadania, com uma linguagem apropriada para as crian\u00e7as, visando a educa\u00e7\u00e3o sobre o tr\u00e2nsito. As crian\u00e7as de hoje ser\u00e3o os motoristas ou pedestres de amanh\u00e3, \u00e9 importante que aprendam, desde cedo, os conceitos do tr\u00e2nsito.<\/p>\n<p><strong>Local: Escola Estadual Maestro Heitor Villa Lobos &#8211;\u00a0Rua Ant\u00f4nio Estev\u00e3o Figueiredo, 204 \u2013 Bairro Parati<\/strong><\/p>\n<p>&nbsp;<\/p>\n<h2><strong>16 horas:<\/strong><\/h2>\n<p><strong>Entrega do N\u00facleo Operacional Lagoa Itatiaia da Guarda Civil Municipal<\/strong><\/p>\n<p>A Secretaria Especial de Seguran\u00e7a e Defesa Social (SESDE) e o Comando da Guarda Civil Municipal realizam a inaugura\u00e7\u00e3o do N\u00facleo Operacional Lagoa Itatiaia da GCM, subordinada a Base Bandeira.<\/p>\n<p>O N\u00facleo Operacional atender\u00e1 a seguran\u00e7a no entorno da Lagoa Itatiaia e aos bairros pr\u00f3ximos.\u00a0 Este n\u00facleo \u00e9 uma antiga reivindica\u00e7\u00e3o da popula\u00e7\u00e3o.<\/p>\n<p><strong>Local: Rua Heitor Laburu, S\/N, Bairro Tiradentes<\/strong><\/p>\n<p>&nbsp;<\/p>\n","protected":false},"author":1,"featured_media":0,"template":"","meta":{"custom_icon_class":"","footnotes":""},"categories":[],"tags":[],"class_list":["post-18093","sec-noticias","type-sec-noticias","status-publish","hentry"],"acf":[],"_links":{"self":[{"href":"https:\/\/www.campogrande.ms.gov.br\/cgnoticias\/wp-json\/wp\/v2\/sec-noticias\/18093"}],"collection":[{"href":"https:\/\/www.campogrande.ms.gov.br\/cgnoticias\/wp-json\/wp\/v2\/sec-noticias"}],"about":[{"href":"https:\/\/www.campogrande.ms.gov.br\/cgnoticias\/wp-json\/wp\/v2\/types\/sec-noticias"}],"author":[{"embeddable":true,"href":"https:\/\/www.campogrande.ms.gov.br\/cgnoticias\/wp-json\/wp\/v2\/users\/1"}],"version-history":[{"count":0,"href":"https:\/\/www.campogrande.ms.gov.br\/cgnoticias\/wp-json\/wp\/v2\/sec-noticias\/18093\/revisions"}],"wp:attachment":[{"href":"https:\/\/www.campogrande.ms.gov.br\/cgnoticias\/wp-json\/wp\/v2\/media?parent=18093"}],"wp:term":[{"taxonomy":"category","embeddable":true,"href":"https:\/\/www.campogrande.ms.gov.br\/cgnoticias\/wp-json\/wp\/v2\/categories?post=18093"},{"taxonomy":"post_tag","embeddable":true,"href":"https:\/\/www.campogrande.ms.gov.br\/cgnoticias\/wp-json\/wp\/v2\/tags?post=18093"}],"curies":[{"name":"wp","href":"https:\/\/api.w.org\/{rel}","templated":true}]}}