{"id":168274,"date":"2026-09-05T10:28:00","date_gmt":"2026-09-05T14:28:00","guid":{"rendered":"https:\/\/www.campogrande.ms.gov.br\/cgnoticias\/?post_type=sec-noticias&#038;p=168274"},"modified":"2026-09-04T13:24:36","modified_gmt":"2026-09-04T17:24:36","slug":"mutirao-de-tapa-buracos-chega-a-vila-planalto-neste-sabado","status":"publish","type":"sec-noticias","link":"https:\/\/www.campogrande.ms.gov.br\/cgnoticias\/noticia\/mutirao-de-tapa-buracos-chega-a-vila-planalto-neste-sabado\/","title":{"rendered":"Mutir\u00e3o de tapa-buracos chega \u00e0 Vila Planalto neste s\u00e1bado"},"content":{"rendered":"\n<p>A regi\u00e3o da Vila Planalto recebe neste s\u00e1bado (5) o mutir\u00e3o de tapa-buracos da Prefeitura de Campo Grande. Tr\u00eas frentes de trabalho v\u00e3o atuar simultaneamente para recuperar trechos da pavimenta\u00e7\u00e3o e melhorar as condi\u00e7\u00f5es de tr\u00e1fego para moradores e pessoas que circulam pelo bairro.<\/p>\n\n\n\n<p>Os trabalhos come\u00e7am pela Rua V\u00eanus e avan\u00e7am tamb\u00e9m pelas ruas J\u00fapiter, Marte, Merc\u00fario e Vicente Pinzon, conforme a programa\u00e7\u00e3o das equipes.<\/p>\n\n\n\n<p>\u201cEstamos ampliando a presen\u00e7a das equipes nos bairros para dar uma resposta mais r\u00e1pida \u00e0s necessidades da popula\u00e7\u00e3o. Essas a\u00e7\u00f5es concentradas ajudam a recuperar um n\u00famero maior de trechos em menos tempo e fazem parte do trabalho de manuten\u00e7\u00e3o das ruas da Capital\u201d, destaca a prefeita Adriane Lopes.<\/p>\n\n\n\n<p>Durante o mutir\u00e3o, ser\u00e3o utilizadas aproximadamente 100 toneladas de massa asf\u00e1ltica. Os servi\u00e7os ter\u00e3o continuidade ao longo da pr\u00f3xima semana, com as equipes permanecendo na regi\u00e3o para dar sequ\u00eancia \u00e0 recupera\u00e7\u00e3o das vias, o que tamb\u00e9m amplia a quantidade de material usado na a\u00e7\u00e3o.<\/p>\n\n\n\n<p>A a\u00e7\u00e3o integra o Vira CG Infraestrutura, programa da Prefeitura que re\u00fane mais de R$ 280 milh\u00f5es em investimentos para obras de drenagem, pavimenta\u00e7\u00e3o, recapeamento, implanta\u00e7\u00e3o de ciclovias e manuten\u00e7\u00e3o da malha vi\u00e1ria de Campo Grande.<\/p>\n\n\n\n<p>Al\u00e9m dos mutir\u00f5es realizados aos s\u00e1bados, a Secretaria Municipal de Infraestrutura e Servi\u00e7os P\u00fablicos (Sisep) mant\u00e9m equipes trabalhando em diferentes regi\u00f5es da cidade durante a semana. O atendimento considera as condi\u00e7\u00f5es das vias e as demandas identificadas pelas equipes, com o objetivo de proporcionar ruas mais seguras e melhores condi\u00e7\u00f5es de deslocamento para a popula\u00e7\u00e3o.<\/p>\n\n\n\n<p><\/p>\n","protected":false},"author":310,"featured_media":157209,"template":"","meta":{"custom_icon_class":"","footnotes":""},"categories":[15],"tags":[],"class_list":["post-168274","sec-noticias","type-sec-noticias","status-publish","has-post-thumbnail","hentry","category-obras"],"acf":[],"_links":{"self":[{"href":"https:\/\/www.campogrande.ms.gov.br\/cgnoticias\/wp-json\/wp\/v2\/sec-noticias\/168274"}],"collection":[{"href":"https:\/\/www.campogrande.ms.gov.br\/cgnoticias\/wp-json\/wp\/v2\/sec-noticias"}],"about":[{"href":"https:\/\/www.campogrande.ms.gov.br\/cgnoticias\/wp-json\/wp\/v2\/types\/sec-noticias"}],"author":[{"embeddable":true,"href":"https:\/\/www.campogrande.ms.gov.br\/cgnoticias\/wp-json\/wp\/v2\/users\/310"}],"version-history":[{"count":2,"href":"https:\/\/www.campogrande.ms.gov.br\/cgnoticias\/wp-json\/wp\/v2\/sec-noticias\/168274\/revisions"}],"predecessor-version":[{"id":168276,"href":"https:\/\/www.campogrande.ms.gov.br\/cgnoticias\/wp-json\/wp\/v2\/sec-noticias\/168274\/revisions\/168276"}],"wp:featuredmedia":[{"embeddable":true,"href":"https:\/\/www.campogrande.ms.gov.br\/cgnoticias\/wp-json\/wp\/v2\/media\/157209"}],"wp:attachment":[{"href":"https:\/\/www.campogrande.ms.gov.br\/cgnoticias\/wp-json\/wp\/v2\/media?parent=168274"}],"wp:term":[{"taxonomy":"category","embeddable":true,"href":"https:\/\/www.campogrande.ms.gov.br\/cgnoticias\/wp-json\/wp\/v2\/categories?post=168274"},{"taxonomy":"post_tag","embeddable":true,"href":"https:\/\/www.campogrande.ms.gov.br\/cgnoticias\/wp-json\/wp\/v2\/tags?post=168274"}],"curies":[{"name":"wp","href":"https:\/\/api.w.org\/{rel}","templated":true}]}}