{"id":168266,"date":"2026-09-06T06:31:00","date_gmt":"2026-09-06T10:31:00","guid":{"rendered":"https:\/\/www.campogrande.ms.gov.br\/cgnoticias\/?post_type=sec-noticias&#038;p=168266"},"modified":"2026-09-04T13:10:27","modified_gmt":"2026-09-04T17:10:27","slug":"agetran-informa-interdicao-para-corrida-da-familia-neste-domingo-6","status":"publish","type":"sec-noticias","link":"https:\/\/www.campogrande.ms.gov.br\/cgnoticias\/noticia\/agetran-informa-interdicao-para-corrida-da-familia-neste-domingo-6\/","title":{"rendered":"Agetran informa interdi\u00e7\u00e3o para Corrida da Fam\u00edlia neste domingo (6)"},"content":{"rendered":"\n<p>A Ag\u00eancia Municipal de Transporte e Tr\u00e2nsito (Agetran) informa que, neste domingo (6), haver\u00e1 interdi\u00e7\u00e3o tempor\u00e1ria na regi\u00e3o central de Campo Grande para a realiza\u00e7\u00e3o da 5\u00aa edi\u00e7\u00e3o da Corrida da Fam\u00edlia. A altera\u00e7\u00e3o est\u00e1 prevista para ocorrer a partir das 7h, nas avenidas Doutor Fadel Tajher Iunes e Desembargador Le\u00e3o Neto do Carmo.<\/p>\n\n\n\n<p>A orienta\u00e7\u00e3o \u00e9 que os motoristas redobrem a aten\u00e7\u00e3o ao trafegar pela regi\u00e3o e, sempre que poss\u00edvel, utilizem rotas alternativas durante a realiza\u00e7\u00e3o do evento.<\/p>\n\n\n\n<p><\/p>\n","protected":false},"author":310,"featured_media":162392,"template":"","meta":{"custom_icon_class":"","footnotes":""},"categories":[39],"tags":[],"class_list":["post-168266","sec-noticias","type-sec-noticias","status-publish","has-post-thumbnail","hentry","category-transito"],"acf":[],"_links":{"self":[{"href":"https:\/\/www.campogrande.ms.gov.br\/cgnoticias\/wp-json\/wp\/v2\/sec-noticias\/168266"}],"collection":[{"href":"https:\/\/www.campogrande.ms.gov.br\/cgnoticias\/wp-json\/wp\/v2\/sec-noticias"}],"about":[{"href":"https:\/\/www.campogrande.ms.gov.br\/cgnoticias\/wp-json\/wp\/v2\/types\/sec-noticias"}],"author":[{"embeddable":true,"href":"https:\/\/www.campogrande.ms.gov.br\/cgnoticias\/wp-json\/wp\/v2\/users\/310"}],"version-history":[{"count":2,"href":"https:\/\/www.campogrande.ms.gov.br\/cgnoticias\/wp-json\/wp\/v2\/sec-noticias\/168266\/revisions"}],"predecessor-version":[{"id":168268,"href":"https:\/\/www.campogrande.ms.gov.br\/cgnoticias\/wp-json\/wp\/v2\/sec-noticias\/168266\/revisions\/168268"}],"wp:featuredmedia":[{"embeddable":true,"href":"https:\/\/www.campogrande.ms.gov.br\/cgnoticias\/wp-json\/wp\/v2\/media\/162392"}],"wp:attachment":[{"href":"https:\/\/www.campogrande.ms.gov.br\/cgnoticias\/wp-json\/wp\/v2\/media?parent=168266"}],"wp:term":[{"taxonomy":"category","embeddable":true,"href":"https:\/\/www.campogrande.ms.gov.br\/cgnoticias\/wp-json\/wp\/v2\/categories?post=168266"},{"taxonomy":"post_tag","embeddable":true,"href":"https:\/\/www.campogrande.ms.gov.br\/cgnoticias\/wp-json\/wp\/v2\/tags?post=168266"}],"curies":[{"name":"wp","href":"https:\/\/api.w.org\/{rel}","templated":true}]}}