{"id":168257,"date":"2026-09-04T13:28:00","date_gmt":"2026-09-04T17:28:00","guid":{"rendered":"https:\/\/www.campogrande.ms.gov.br\/cgnoticias\/?post_type=sec-noticias&#038;p=168257"},"modified":"2026-09-04T12:31:40","modified_gmt":"2026-09-04T16:31:40","slug":"politicas-sustentaveis-da-capital-pautam-evento-nacional","status":"publish","type":"sec-noticias","link":"https:\/\/www.campogrande.ms.gov.br\/cgnoticias\/noticia\/politicas-sustentaveis-da-capital-pautam-evento-nacional\/","title":{"rendered":"Pol\u00edticas sustent\u00e1veis da Capital pautam evento nacional\u00a0"},"content":{"rendered":"\n<p>A Prefeitura de Campo Grande integrou, nesta ter\u00e7a-feira (2), o 3\u00ba Encontro de Apoio T\u00e9cnico do programa Meu Munic\u00edpio pelos ODS. O evento online uniu gestores de diversas regi\u00f5es para debater diagn\u00f3sticos e indicadores essenciais na estrutura\u00e7\u00e3o de pol\u00edticas p\u00fablicas pautadas pela Agenda 2030.&nbsp;<\/p>\n\n\n\n<p>A presidente do Fundo de Apoio \u00e0 Comunidade (FAC), Adir Diniz, representou a Capital no debate. A atua\u00e7\u00e3o d\u00e1 continuidade \u00e0 inser\u00e7\u00e3o do munic\u00edpio nas discuss\u00f5es nacionais, somando-se \u00e0 participa\u00e7\u00e3o na 1\u00aa Confer\u00eancia Nacional dos Objetivos de Desenvolvimento Sustent\u00e1vel, sediada em Bras\u00edlia.&nbsp;<\/p>\n\n\n\n<p>A prefeita Adriane Lopes destaca a relev\u00e2ncia do planejamento estrat\u00e9gico. &#8220;A nossa gest\u00e3o trabalha para transformar os compromissos da Agenda 2030 em a\u00e7\u00f5es concretas que melhoram a vida das pessoas. Planejamento estrat\u00e9gico e sustentabilidade caminham juntos na constru\u00e7\u00e3o de uma cidade preparada para o futuro, onde o cuidado com o meio ambiente resulta em desenvolvimento e justi\u00e7a social para todas as fam\u00edlias de Campo Grande.&#8221;&nbsp;<\/p>\n\n\n\n<p>A vis\u00e3o de impacto direto nas comunidades pautou as discuss\u00f5es do grupo. \u201cEstar nesses espa\u00e7os de discuss\u00e3o t\u00e9cnica refor\u00e7a o compromisso de Campo Grande com uma gest\u00e3o humana, eficiente e orientada por resultados. Quando olhamos para a Agenda 2030 e para os indicadores de sustentabilidade, n\u00e3o estamos tratando apenas de dados ou relat\u00f3rios, mas da melhoria real na qualidade de vida das nossas fam\u00edlias e da garantia de que os investimentos cheguem com prioridade onde a popula\u00e7\u00e3o mais precisa\u201d, destacou Adir.&nbsp;<\/p>\n\n\n\n<p><strong>Planejamento e reconhecimento<\/strong>&nbsp;<\/p>\n\n\n\n<p>A Secretaria Especial de Planejamento e Parcerias Estrat\u00e9gicas (SEPPE) acompanha os indicadores dos ODS na Capital. O monitoramento embasa decis\u00f5es administrativas e reflete diretamente no planejamento urbano local. O Plano Diretor de Desenvolvimento Urbano Ambiental (PDDUA) de Campo Grande integra o guia do Instituto de Arquitetos do Brasil (IAB) dedicado \u00e0 Agenda 2030.&nbsp;<\/p>\n\n\n\n<p>O reconhecimento internacional corrobora as a\u00e7\u00f5es locais. Em mar\u00e7o de 2026, a cidade conquistou, pela s\u00e9tima vez consecutiva, o t\u00edtulo de Cidade \u00c1rvore do Mundo (Tree&nbsp;City&nbsp;of&nbsp;the&nbsp;World), chancelado pela Arbor Day Foundation em parceria com a Organiza\u00e7\u00e3o das Na\u00e7\u00f5es Unidas para a Alimenta\u00e7\u00e3o e a Agricultura (FAO).&nbsp;<\/p>\n\n\n\n<p>\u201cCampo Grande tem demonstrado que sustentabilidade exige integra\u00e7\u00e3o. Planejamento urbano, arboriza\u00e7\u00e3o, qualidade de vida, resili\u00eancia clim\u00e1tica e desenvolvimento social precisam fazer parte de uma mesma estrat\u00e9gia de cidade\u201d, afirmou o representante do Movimento Nacional ODS em Mato Grosso do Sul, Marcos Rocha, ao lado do coordenador-geral adjunto Fernando Okada.&nbsp;<\/p>\n\n\n\n<p><strong>Governan\u00e7a clim\u00e1tica<\/strong><\/p>\n\n\n\n<p>O debate nacional alertou para a urg\u00eancia da governan\u00e7a clim\u00e1tica nos munic\u00edpios. As discuss\u00f5es abordaram a Carta de S\u00e3o Lu\u00eds e a Resolu\u00e7\u00e3o-Diretriz para o Controle Externo da Pol\u00edtica Clim\u00e1tica, instrumento que orienta os Tribunais de Contas na avalia\u00e7\u00e3o de riscos, mitiga\u00e7\u00e3o e transpar\u00eancia ambiental.\u00a0<\/p>\n\n\n\n<p>\u201cA agenda clim\u00e1tica est\u00e1 deixando de ser apenas uma declara\u00e7\u00e3o de inten\u00e7\u00f5es. Ela passa a exigir planejamento, indicadores, gest\u00e3o de riscos, transpar\u00eancia e capacidade institucional. Os munic\u00edpios que se anteciparem estar\u00e3o mais preparados para responder aos desafios ambientais e \u00e0s novas exig\u00eancias da administra\u00e7\u00e3o p\u00fablica\u201d, avaliaram os representantes do Movimento.&nbsp;<\/p>\n\n\n\n<p>O encontro exp\u00f4s tamb\u00e9m um marco para Mato Grosso do Sul, com a ades\u00e3o da totalidade dos 79 munic\u00edpios ao Pacto da Sustentabilidade e Resili\u00eancia Clim\u00e1tica, com articula\u00e7\u00e3o direta do Tribunal de Contas do Estado (TCE-MS).&nbsp;<\/p>\n\n\n\n<p>\u201cAlcan\u00e7amos 100% de ades\u00e3o dos munic\u00edpios. O pr\u00f3ximo passo, e talvez o mais importante, \u00e9 transformar esse compromisso em capacidade de execu\u00e7\u00e3o nos territ\u00f3rios\u201d, afirmou Marcos Rocha.&nbsp;<\/p>\n\n\n\n<p>O cronograma estadual projeta a implanta\u00e7\u00e3o das Comiss\u00f5es Municipais dos Objetivos de Desenvolvimento Sustent\u00e1vel (CMODS). Os grupos atuar\u00e3o como inst\u00e2ncias de articula\u00e7\u00e3o da Agenda 2030, aproximando o poder p\u00fablico da sociedade civil e do setor produtivo para estruturar solu\u00e7\u00f5es adaptadas \u00e0 realidade local.&nbsp;<\/p>\n","protected":false},"author":310,"featured_media":168261,"template":"","meta":{"custom_icon_class":"","footnotes":""},"categories":[20],"tags":[],"class_list":["post-168257","sec-noticias","type-sec-noticias","status-publish","has-post-thumbnail","hentry","category-meio-ambiente"],"acf":[],"_links":{"self":[{"href":"https:\/\/www.campogrande.ms.gov.br\/cgnoticias\/wp-json\/wp\/v2\/sec-noticias\/168257"}],"collection":[{"href":"https:\/\/www.campogrande.ms.gov.br\/cgnoticias\/wp-json\/wp\/v2\/sec-noticias"}],"about":[{"href":"https:\/\/www.campogrande.ms.gov.br\/cgnoticias\/wp-json\/wp\/v2\/types\/sec-noticias"}],"author":[{"embeddable":true,"href":"https:\/\/www.campogrande.ms.gov.br\/cgnoticias\/wp-json\/wp\/v2\/users\/310"}],"version-history":[{"count":2,"href":"https:\/\/www.campogrande.ms.gov.br\/cgnoticias\/wp-json\/wp\/v2\/sec-noticias\/168257\/revisions"}],"predecessor-version":[{"id":168263,"href":"https:\/\/www.campogrande.ms.gov.br\/cgnoticias\/wp-json\/wp\/v2\/sec-noticias\/168257\/revisions\/168263"}],"wp:featuredmedia":[{"embeddable":true,"href":"https:\/\/www.campogrande.ms.gov.br\/cgnoticias\/wp-json\/wp\/v2\/media\/168261"}],"wp:attachment":[{"href":"https:\/\/www.campogrande.ms.gov.br\/cgnoticias\/wp-json\/wp\/v2\/media?parent=168257"}],"wp:term":[{"taxonomy":"category","embeddable":true,"href":"https:\/\/www.campogrande.ms.gov.br\/cgnoticias\/wp-json\/wp\/v2\/categories?post=168257"},{"taxonomy":"post_tag","embeddable":true,"href":"https:\/\/www.campogrande.ms.gov.br\/cgnoticias\/wp-json\/wp\/v2\/tags?post=168257"}],"curies":[{"name":"wp","href":"https:\/\/api.w.org\/{rel}","templated":true}]}}