{"id":168236,"date":"2026-09-05T11:13:00","date_gmt":"2026-09-05T15:13:00","guid":{"rendered":"https:\/\/www.campogrande.ms.gov.br\/cgnoticias\/?post_type=sec-noticias&#038;p=168236"},"modified":"2026-09-04T13:13:21","modified_gmt":"2026-09-04T17:13:21","slug":"linhas-de-onibus-terao-horarios-diferenciados-no-feriado","status":"publish","type":"sec-noticias","link":"https:\/\/www.campogrande.ms.gov.br\/cgnoticias\/noticia\/linhas-de-onibus-terao-horarios-diferenciados-no-feriado\/","title":{"rendered":"Linhas de \u00f4nibus ter\u00e3o hor\u00e1rios diferenciados no feriado"},"content":{"rendered":"\n<p>A Ag\u00eancia Municipal de Transporte e Tr\u00e2nsito (Agetran) preparou uma opera\u00e7\u00e3o especial para o transporte coletivo de Campo Grande durante o feriado de 7 de Setembro, segunda-feira. <\/p>\n\n\n\n<p>O planejamento considera a demanda prevista e prev\u00ea altera\u00e7\u00f5es na opera\u00e7\u00e3o de algumas linhas, al\u00e9m da manuten\u00e7\u00e3o de ve\u00edculos reservas para atender eventuais necessidades ao longo do dia.<\/p>\n\n\n\n<p>As linhas 244, 322, 410, 418, 419, 422 e 424 funcionar\u00e3o conforme a demanda das ind\u00fastrias, enquanto as linhas 515 e 522 operar\u00e3o com o plano de s\u00e1bado. <\/p>\n\n\n\n<p>As demais linhas seguir\u00e3o o plano funcional de domingos e feriados. Ao todo, quatro ve\u00edculos com tripula\u00e7\u00e3o estar\u00e3o dispon\u00edveis nos terminais Guaicurus, Moren\u00e3o, Bandeirantes, Aero Rancho, J\u00falio de Castilho, General Os\u00f3rio, Nova Bahia e H\u00e9rcules Maymone, das 5h \u00e0s 19h.<\/p>\n\n\n\n<p>A Agetran acompanhar\u00e1 o sistema em tempo real e poder\u00e1 determinar ajustes na oferta de ve\u00edculos conforme a demanda.<\/p>\n\n\n\n<p><\/p>\n","protected":false},"author":310,"featured_media":98951,"template":"","meta":{"custom_icon_class":"","footnotes":""},"categories":[43],"tags":[],"class_list":["post-168236","sec-noticias","type-sec-noticias","status-publish","has-post-thumbnail","hentry","category-transporte"],"acf":[],"_links":{"self":[{"href":"https:\/\/www.campogrande.ms.gov.br\/cgnoticias\/wp-json\/wp\/v2\/sec-noticias\/168236"}],"collection":[{"href":"https:\/\/www.campogrande.ms.gov.br\/cgnoticias\/wp-json\/wp\/v2\/sec-noticias"}],"about":[{"href":"https:\/\/www.campogrande.ms.gov.br\/cgnoticias\/wp-json\/wp\/v2\/types\/sec-noticias"}],"author":[{"embeddable":true,"href":"https:\/\/www.campogrande.ms.gov.br\/cgnoticias\/wp-json\/wp\/v2\/users\/310"}],"version-history":[{"count":4,"href":"https:\/\/www.campogrande.ms.gov.br\/cgnoticias\/wp-json\/wp\/v2\/sec-noticias\/168236\/revisions"}],"predecessor-version":[{"id":168265,"href":"https:\/\/www.campogrande.ms.gov.br\/cgnoticias\/wp-json\/wp\/v2\/sec-noticias\/168236\/revisions\/168265"}],"wp:featuredmedia":[{"embeddable":true,"href":"https:\/\/www.campogrande.ms.gov.br\/cgnoticias\/wp-json\/wp\/v2\/media\/98951"}],"wp:attachment":[{"href":"https:\/\/www.campogrande.ms.gov.br\/cgnoticias\/wp-json\/wp\/v2\/media?parent=168236"}],"wp:term":[{"taxonomy":"category","embeddable":true,"href":"https:\/\/www.campogrande.ms.gov.br\/cgnoticias\/wp-json\/wp\/v2\/categories?post=168236"},{"taxonomy":"post_tag","embeddable":true,"href":"https:\/\/www.campogrande.ms.gov.br\/cgnoticias\/wp-json\/wp\/v2\/tags?post=168236"}],"curies":[{"name":"wp","href":"https:\/\/api.w.org\/{rel}","templated":true}]}}