{"id":168226,"date":"2026-09-05T07:26:00","date_gmt":"2026-09-05T11:26:00","guid":{"rendered":"https:\/\/www.campogrande.ms.gov.br\/cgnoticias\/?post_type=sec-noticias&#038;p=168226"},"modified":"2026-09-04T10:11:45","modified_gmt":"2026-09-04T14:11:45","slug":"campo-grande-reune-feiras-e-exposicoes-neste-fim-de-semana","status":"publish","type":"sec-noticias","link":"https:\/\/www.campogrande.ms.gov.br\/cgnoticias\/noticia\/campo-grande-reune-feiras-e-exposicoes-neste-fim-de-semana\/","title":{"rendered":"Campo Grande re\u00fane feiras e exposi\u00e7\u00f5es neste fim de semana"},"content":{"rendered":"\n<p>Campo Grande ter\u00e1 op\u00e7\u00f5es de cultura, arte e economia criativa neste fim de semana. A programa\u00e7\u00e3o de s\u00e1bado (5) e domingo (6) re\u00fane feiras e exposi\u00e7\u00f5es em diferentes espa\u00e7os da Capital, com atividades gratuitas.<\/p>\n\n\n\n<p>No s\u00e1bado (5), a Plataforma Cultural recebe o Coletivo de Brech\u00f3s, das 8h \u00e0s 15h. A iniciativa re\u00fane expositores e valoriza o consumo consciente e a circula\u00e7\u00e3o de pe\u00e7as. O espa\u00e7o fica na Avenida Cal\u00f3geras, 3015.<\/p>\n\n\n\n<p>Tamb\u00e9m no s\u00e1bado, a Feira Ziriguidum ser\u00e1 realizada das 16h \u00e0s 22h, na Pra\u00e7a do Preto Velho, com entrada gratuita.<\/p>\n\n\n\n<p>Para quem gosta de artes visuais, a Galeria de Vidro, na Avenida Cal\u00f3geras, 3015, recebe a exposi\u00e7\u00e3o \u201cFragmentos e Cicatrizes da Arquitetura Urbana\u201d, dos artistas Gisele Della Barba e Fernando Anghinoni. A visita\u00e7\u00e3o aos s\u00e1bados ocorre das 8h \u00e0s 12h.<\/p>\n\n\n\n<p>J\u00e1 na Casa de Cultura, na Avenida Afonso Pena, 2270, no Centro, o p\u00fablico poder\u00e1 visitar a exposi\u00e7\u00e3o \u201cFlorarium \u2013 do nativo ao end\u00eamico\u201d, do coletivo de artistas. A visita\u00e7\u00e3o ser\u00e1 das 9h \u00e0s 12h, com entrada gratuita.<\/p>\n\n\n\n<p>No domingo (6), a programa\u00e7\u00e3o continua com a Feira Borogod\u00f3, das 9h \u00e0s 15h, na Pra\u00e7a Coophaf\u00e9, localizada na Rua das Gar\u00e7as, 3164.<\/p>\n\n\n\n<p>Com op\u00e7\u00f5es em diferentes espa\u00e7os da cidade, a programa\u00e7\u00e3o re\u00fane iniciativas que valorizam a produ\u00e7\u00e3o cultural, a economia criativa e as artes visuais, com atividades gratuitas para o p\u00fablico.<\/p>\n\n\n\n<p><em>#ParaTodosVeem: A imagem de capa mostra feira de rua com barracas de roupas, alho e outros produtos, movimentada por pedestres em dia de sol.<\/em><\/p>\n\n\n\n<p><\/p>\n","protected":false},"author":310,"featured_media":166680,"template":"","meta":{"custom_icon_class":"","footnotes":""},"categories":[119],"tags":[],"class_list":["post-168226","sec-noticias","type-sec-noticias","status-publish","has-post-thumbnail","hentry","category-agenda-cultural"],"acf":[],"_links":{"self":[{"href":"https:\/\/www.campogrande.ms.gov.br\/cgnoticias\/wp-json\/wp\/v2\/sec-noticias\/168226"}],"collection":[{"href":"https:\/\/www.campogrande.ms.gov.br\/cgnoticias\/wp-json\/wp\/v2\/sec-noticias"}],"about":[{"href":"https:\/\/www.campogrande.ms.gov.br\/cgnoticias\/wp-json\/wp\/v2\/types\/sec-noticias"}],"author":[{"embeddable":true,"href":"https:\/\/www.campogrande.ms.gov.br\/cgnoticias\/wp-json\/wp\/v2\/users\/310"}],"version-history":[{"count":3,"href":"https:\/\/www.campogrande.ms.gov.br\/cgnoticias\/wp-json\/wp\/v2\/sec-noticias\/168226\/revisions"}],"predecessor-version":[{"id":168229,"href":"https:\/\/www.campogrande.ms.gov.br\/cgnoticias\/wp-json\/wp\/v2\/sec-noticias\/168226\/revisions\/168229"}],"wp:featuredmedia":[{"embeddable":true,"href":"https:\/\/www.campogrande.ms.gov.br\/cgnoticias\/wp-json\/wp\/v2\/media\/166680"}],"wp:attachment":[{"href":"https:\/\/www.campogrande.ms.gov.br\/cgnoticias\/wp-json\/wp\/v2\/media?parent=168226"}],"wp:term":[{"taxonomy":"category","embeddable":true,"href":"https:\/\/www.campogrande.ms.gov.br\/cgnoticias\/wp-json\/wp\/v2\/categories?post=168226"},{"taxonomy":"post_tag","embeddable":true,"href":"https:\/\/www.campogrande.ms.gov.br\/cgnoticias\/wp-json\/wp\/v2\/tags?post=168226"}],"curies":[{"name":"wp","href":"https:\/\/api.w.org\/{rel}","templated":true}]}}