{"id":168224,"date":"2026-09-05T08:09:00","date_gmt":"2026-09-05T12:09:00","guid":{"rendered":"https:\/\/www.campogrande.ms.gov.br\/cgnoticias\/?post_type=sec-noticias&#038;p=168224"},"modified":"2026-09-04T10:01:23","modified_gmt":"2026-09-04T14:01:23","slug":"semana-reune-acoes-de-protecao-social-educacao-esporte-e-trabalho","status":"publish","type":"sec-noticias","link":"https:\/\/www.campogrande.ms.gov.br\/cgnoticias\/noticia\/semana-reune-acoes-de-protecao-social-educacao-esporte-e-trabalho\/","title":{"rendered":"Semana re\u00fane a\u00e7\u00f5es de prote\u00e7\u00e3o social, educa\u00e7\u00e3o, esporte e trabalho"},"content":{"rendered":"\n<p>A semana foi marcada por novas a\u00e7\u00f5es da Prefeitura de Campo Grande em \u00e1reas como assist\u00eancia social, educa\u00e7\u00e3o, esporte e trabalho. Entre os principais destaques est\u00e3o o atendimento integrado a cerca de 80 pessoas em situa\u00e7\u00e3o de rua, a capacita\u00e7\u00e3o de mais de 8 mil trabalhadores do SUAS, a entrega de um novo espa\u00e7o para o desenvolvimento do futebol, a chegada de um projeto de preven\u00e7\u00e3o \u00e0 viol\u00eancia a cinco escolas da Reme e a participa\u00e7\u00e3o de mais de 1,2 mil pessoas no Primt Itinerante.<\/p>\n\n\n\n<h5 class=\"wp-block-heading\">Rede de prote\u00e7\u00e3o atende popula\u00e7\u00e3o em situa\u00e7\u00e3o de rua<\/h5>\n\n\n\n<p>A Prefeitura de Campo Grande realizou um mutir\u00e3o intersetorial na Unidade de Acolhimento Institucional para Adultos e Fam\u00edlias (UAIFA 1), no Jardim Veraneio, reunindo cinco servi\u00e7os da rede de prote\u00e7\u00e3o social. A a\u00e7\u00e3o, em alus\u00e3o ao Dia Nacional da Luta da Popula\u00e7\u00e3o de Rua, atendeu cerca de 80 pessoas com servi\u00e7os jur\u00eddicos, de sa\u00fade, atualiza\u00e7\u00e3o do Cadastro \u00danico, orienta\u00e7\u00f5es sobre benef\u00edcios e atendimento habitacional.<\/p>\n\n\n\n<p>A iniciativa refor\u00e7ou a integra\u00e7\u00e3o entre os servi\u00e7os p\u00fablicos para ampliar o acesso a direitos e oportunidades de autonomia. Participaram a Defensoria P\u00fablica, Pastoral dos Migrantes, Consult\u00f3rio na Rua, EMHA e equipe do Cadastro \u00danico.<\/p>\n\n\n\n<h5 class=\"wp-block-heading\">Escola do SUAS completa cinco anos com mais de 8 mil capacitados<\/h5>\n\n\n\n<p>A Escola Municipal do Sistema \u00danico de Assist\u00eancia Social (SUAS) completou cinco anos com 8.303 trabalhadores capacitados e 275 a\u00e7\u00f5es educativas voltadas \u00e0 qualifica\u00e7\u00e3o da rede socioassistencial de Campo Grande. Os resultados foram apresentados durante o encerramento do I Col\u00f3quio Entre Saberes e Pr\u00e1ticas, que reuniu pesquisas produzidas por servidores da \u00e1rea.<\/p>\n\n\n\n<p>O evento aproximou conhecimento acad\u00eamico e pr\u00e1tica profissional, com estudos sobre temas que fazem parte do cotidiano dos servi\u00e7os, como sa\u00fade mental no trabalho e viol\u00eancia de g\u00eanero, contribuindo para o aprimoramento das pol\u00edticas p\u00fablicas de assist\u00eancia social e direitos humanos.<\/p>\n\n\n\n<h5 class=\"wp-block-heading\">Campo Grande ganha Centro de Desenvolvimento do Futebol<\/h5>\n\n\n\n<p>A Funda\u00e7\u00e3o Municipal de Esportes (Funesp) participou da inaugura\u00e7\u00e3o do Centro de Desenvolvimento do Futebol da Confedera\u00e7\u00e3o Brasileira de Futebol (CBF) em Mato Grosso do Sul. A estrutura, instalada em Campo Grande, integra o legado da Copa do Mundo FIFA Brasil 2014 e foi planejada para fortalecer a forma\u00e7\u00e3o de atletas e o desenvolvimento do futebol no Estado, especialmente nas categorias de base.<\/p>\n\n\n\n<p>O espa\u00e7o conta com campo oficial de gramado sint\u00e9tico, arquibancadas, vesti\u00e1rios, ilumina\u00e7\u00e3o para jogos noturnos, \u00e1reas climatizadas e estacionamento. A instala\u00e7\u00e3o amplia a estrutura dispon\u00edvel para atividades esportivas e deve contribuir para novas oportunidades de desenvolvimento do futebol sul-mato-grossense.<\/p>\n\n\n\n<h5 class=\"wp-block-heading\">Projeto leva preven\u00e7\u00e3o \u00e0 viol\u00eancia para escolas da Reme<\/h5>\n\n\n\n<p>A Prefeitura de Campo Grande e o Tribunal de Justi\u00e7a de Mato Grosso do Sul (TJMS) firmaram parceria para levar o projeto \u201cClarisse me disse\u201d a estudantes do 5\u00ba ano de cinco escolas da Rede Municipal de Ensino. A iniciativa utiliza literatura, teatro e atividades pedag\u00f3gicas para abordar a viol\u00eancia dom\u00e9stica e familiar contra a mulher de forma adequada \u00e0 inf\u00e2ncia, trabalhando conceitos de respeito, prote\u00e7\u00e3o e identifica\u00e7\u00e3o de comportamentos abusivos.<\/p>\n\n\n\n<p>Nesta primeira etapa, participam cinco escolas localizadas em regi\u00f5es de maior vulnerabilidade social. Professores passar\u00e3o por forma\u00e7\u00e3o e, posteriormente, os estudantes ter\u00e3o contato com o livro infantil, dramatiza\u00e7\u00f5es, rodas de conversa e atividades em sala de aula. O projeto ter\u00e1 dura\u00e7\u00e3o inicial de 12 meses e poder\u00e1 ser ampliado para outras unidades da Reme ap\u00f3s a avalia\u00e7\u00e3o da etapa piloto.<\/p>\n\n\n\n<h5 class=\"wp-block-heading\">Primt Itinerante re\u00fane mais de 1,2 mil participantes<\/h5>\n\n\n\n<p>A segunda edi\u00e7\u00e3o do Primt Itinerante reuniu 1.225 participantes entre os dias 24 e 31 de agosto, passando por cinco regi\u00f5es de Campo Grande. Ap\u00f3s a an\u00e1lise da documenta\u00e7\u00e3o e dos requisitos do Programa de Inclus\u00e3o ao Mercado de Trabalho, 937 inscri\u00e7\u00f5es foram consideradas aptas para integrar o novo Cadastro Reserva.<\/p>\n\n\n\n<p>Do total, 785 pessoas foram classificadas pela ampla concorr\u00eancia e 152 pelas modalidades de cotas previstas no programa. A rela\u00e7\u00e3o dos classificados ser\u00e1 publicada no Diogrande, seguida pelo per\u00edodo de recursos e, posteriormente, pelas listas definitivas do Cadastro Reserva e dos primeiros convocados.<\/p>\n\n\n\n<p><em>#ParaTodosVerem: A imagem em destaque mostra a vista a\u00e9rea da Capital na regi\u00e3o da Pra\u00e7a Belmar Fidalgo<\/em><\/p>\n\n\n\n<p><\/p>\n","protected":false},"author":310,"featured_media":168225,"template":"","meta":{"custom_icon_class":"","footnotes":""},"categories":[37],"tags":[],"class_list":["post-168224","sec-noticias","type-sec-noticias","status-publish","has-post-thumbnail","hentry","category-cidade"],"acf":[],"_links":{"self":[{"href":"https:\/\/www.campogrande.ms.gov.br\/cgnoticias\/wp-json\/wp\/v2\/sec-noticias\/168224"}],"collection":[{"href":"https:\/\/www.campogrande.ms.gov.br\/cgnoticias\/wp-json\/wp\/v2\/sec-noticias"}],"about":[{"href":"https:\/\/www.campogrande.ms.gov.br\/cgnoticias\/wp-json\/wp\/v2\/types\/sec-noticias"}],"author":[{"embeddable":true,"href":"https:\/\/www.campogrande.ms.gov.br\/cgnoticias\/wp-json\/wp\/v2\/users\/310"}],"version-history":[{"count":3,"href":"https:\/\/www.campogrande.ms.gov.br\/cgnoticias\/wp-json\/wp\/v2\/sec-noticias\/168224\/revisions"}],"predecessor-version":[{"id":168240,"href":"https:\/\/www.campogrande.ms.gov.br\/cgnoticias\/wp-json\/wp\/v2\/sec-noticias\/168224\/revisions\/168240"}],"wp:featuredmedia":[{"embeddable":true,"href":"https:\/\/www.campogrande.ms.gov.br\/cgnoticias\/wp-json\/wp\/v2\/media\/168225"}],"wp:attachment":[{"href":"https:\/\/www.campogrande.ms.gov.br\/cgnoticias\/wp-json\/wp\/v2\/media?parent=168224"}],"wp:term":[{"taxonomy":"category","embeddable":true,"href":"https:\/\/www.campogrande.ms.gov.br\/cgnoticias\/wp-json\/wp\/v2\/categories?post=168224"},{"taxonomy":"post_tag","embeddable":true,"href":"https:\/\/www.campogrande.ms.gov.br\/cgnoticias\/wp-json\/wp\/v2\/tags?post=168224"}],"curies":[{"name":"wp","href":"https:\/\/api.w.org\/{rel}","templated":true}]}}