{"id":168212,"date":"2026-09-04T08:41:00","date_gmt":"2026-09-04T12:41:00","guid":{"rendered":"https:\/\/www.campogrande.ms.gov.br\/cgnoticias\/?post_type=sec-noticias&#038;p=168212"},"modified":"2026-09-04T09:32:18","modified_gmt":"2026-09-04T13:32:18","slug":"defesa-civil-alerta-para-queda-de-temperatura-na-capital","status":"publish","type":"sec-noticias","link":"https:\/\/www.campogrande.ms.gov.br\/cgnoticias\/noticia\/defesa-civil-alerta-para-queda-de-temperatura-na-capital\/","title":{"rendered":"Defesa Civil alerta para queda de temperatura na Capital"},"content":{"rendered":"\n<p>A Coordenadoria de Prote\u00e7\u00e3o e Defesa Civil de Campo Grande emitiu um alerta amarelo para risco de decl\u00ednio de temperatura na Capital a partir das 23h deste s\u00e1bado (5) at\u00e9 as 12h de segunda-feira (7). O aviso foi emitido pelo Instituto Nacional de Meteorologia (Inmet).<\/p>\n\n\n\n<p>Conforme o alerta, a previs\u00e3o indica queda de temperatura entre 3\u00b0C e 5\u00b0C, com leve risco \u00e0 sa\u00fade da popula\u00e7\u00e3o.<\/p>\n\n\n\n<p>A orienta\u00e7\u00e3o \u00e9 para que a popula\u00e7\u00e3o fique atenta \u00e0s condi\u00e7\u00f5es clim\u00e1ticas durante o per\u00edodo de validade do alerta, especialmente crian\u00e7as, idosos e pessoas mais vulner\u00e1veis \u00e0s baixas temperaturas.<\/p>\n\n\n\n<p>Em caso de necessidade, o cidad\u00e3o pode solicitar servi\u00e7os da Prefeitura pelo telefone 156. Situa\u00e7\u00f5es de risco el\u00e9trico devem ser comunicadas pelo 193. A Defesa Civil pode ser acionada pelo 199.<\/p>\n\n\n\n<figure class=\"wp-block-gallery has-nested-images columns-default is-cropped wp-block-gallery-1 is-layout-flex wp-block-gallery-is-layout-flex\">\n<figure class=\"wp-block-image size-large\"><img fetchpriority=\"high\" decoding=\"async\" width=\"576\" height=\"1024\" data-id=\"168219\" src=\"https:\/\/cdn.campogrande.ms.gov.br\/portal\/prod\/uploads\/sites\/3\/2026\/09\/WhatsApp-Image-2026-09-04-at-09.06.11-2-576x1024.jpeg\" alt=\"\" class=\"wp-image-168219\" srcset=\"https:\/\/cdn.campogrande.ms.gov.br\/portal\/prod\/uploads\/sites\/3\/2026\/09\/WhatsApp-Image-2026-09-04-at-09.06.11-2-576x1024.jpeg 576w, https:\/\/cdn.campogrande.ms.gov.br\/portal\/prod\/uploads\/sites\/3\/2026\/09\/WhatsApp-Image-2026-09-04-at-09.06.11-2-169x300.jpeg 169w, https:\/\/cdn.campogrande.ms.gov.br\/portal\/prod\/uploads\/sites\/3\/2026\/09\/WhatsApp-Image-2026-09-04-at-09.06.11-2-768x1365.jpeg 768w, https:\/\/cdn.campogrande.ms.gov.br\/portal\/prod\/uploads\/sites\/3\/2026\/09\/WhatsApp-Image-2026-09-04-at-09.06.11-2-864x1536.jpeg 864w, https:\/\/cdn.campogrande.ms.gov.br\/portal\/prod\/uploads\/sites\/3\/2026\/09\/WhatsApp-Image-2026-09-04-at-09.06.11-2-1152x2048.jpeg 1152w, https:\/\/cdn.campogrande.ms.gov.br\/portal\/prod\/uploads\/sites\/3\/2026\/09\/WhatsApp-Image-2026-09-04-at-09.06.11-2.jpeg 1440w\" sizes=\"(max-width: 576px) 100vw, 576px\" \/><\/figure>\n<\/figure>\n\n\n\n<p><\/p>\n","protected":false},"author":310,"featured_media":149623,"template":"","meta":{"custom_icon_class":"","footnotes":""},"categories":[44],"tags":[],"class_list":["post-168212","sec-noticias","type-sec-noticias","status-publish","has-post-thumbnail","hentry","category-atencao"],"acf":[],"_links":{"self":[{"href":"https:\/\/www.campogrande.ms.gov.br\/cgnoticias\/wp-json\/wp\/v2\/sec-noticias\/168212"}],"collection":[{"href":"https:\/\/www.campogrande.ms.gov.br\/cgnoticias\/wp-json\/wp\/v2\/sec-noticias"}],"about":[{"href":"https:\/\/www.campogrande.ms.gov.br\/cgnoticias\/wp-json\/wp\/v2\/types\/sec-noticias"}],"author":[{"embeddable":true,"href":"https:\/\/www.campogrande.ms.gov.br\/cgnoticias\/wp-json\/wp\/v2\/users\/310"}],"version-history":[{"count":3,"href":"https:\/\/www.campogrande.ms.gov.br\/cgnoticias\/wp-json\/wp\/v2\/sec-noticias\/168212\/revisions"}],"predecessor-version":[{"id":168222,"href":"https:\/\/www.campogrande.ms.gov.br\/cgnoticias\/wp-json\/wp\/v2\/sec-noticias\/168212\/revisions\/168222"}],"wp:featuredmedia":[{"embeddable":true,"href":"https:\/\/www.campogrande.ms.gov.br\/cgnoticias\/wp-json\/wp\/v2\/media\/149623"}],"wp:attachment":[{"href":"https:\/\/www.campogrande.ms.gov.br\/cgnoticias\/wp-json\/wp\/v2\/media?parent=168212"}],"wp:term":[{"taxonomy":"category","embeddable":true,"href":"https:\/\/www.campogrande.ms.gov.br\/cgnoticias\/wp-json\/wp\/v2\/categories?post=168212"},{"taxonomy":"post_tag","embeddable":true,"href":"https:\/\/www.campogrande.ms.gov.br\/cgnoticias\/wp-json\/wp\/v2\/tags?post=168212"}],"curies":[{"name":"wp","href":"https:\/\/api.w.org\/{rel}","templated":true}]}}