{"id":168204,"date":"2026-09-04T07:37:00","date_gmt":"2026-09-04T11:37:00","guid":{"rendered":"https:\/\/www.campogrande.ms.gov.br\/cgnoticias\/?post_type=sec-noticias&#038;p=168204"},"modified":"2026-09-04T09:23:48","modified_gmt":"2026-09-04T13:23:48","slug":"fac-une-sustentabilidade-aprendizado-e-geracao-de-renda","status":"publish","type":"sec-noticias","link":"https:\/\/www.campogrande.ms.gov.br\/cgnoticias\/noticia\/fac-une-sustentabilidade-aprendizado-e-geracao-de-renda\/","title":{"rendered":"FAC une sustentabilidade, aprendizado e gera\u00e7\u00e3o de renda"},"content":{"rendered":"\n<p>Materiais que poderiam ser descartados ganham novas formas e utilidades nas oficinas de economia criativa promovidas pelo Fundo de Apoio \u00e0 Comunidade (FAC), em Campo Grande. Al\u00e9m de incentivar o reaproveitamento, as atividades oferecem \u00e0s participantes a oportunidade de aprender novas habilidades e criar alternativas de renda.<\/p>\n\n\n\n<p>Entre os cursos e oficinas desenvolvidos pelo FAC est\u00e3o atividades relacionadas \u00e0 sustentabilidade, empreendedorismo, culin\u00e1ria, agricultura e economia criativa.<\/p>\n\n\n\n<p>Para a presidente do FAC, Adir Diniz, \u201ca sustentabilidade n\u00e3o \u00e9 apenas uma palavra. \u00c9 um desafio e uma atitude para a sociedade. \u00c9 responsabilizar-se em cuidar do planeta atrav\u00e9s de a\u00e7\u00f5es do nosso dia a dia, por\u00e9m com responsabilidade redobrada. \u201d<\/p>\n\n\n\n<p>Nas aulas de artesanato, materiais que seriam considerados res\u00edduos s\u00e3o transformados em novas pe\u00e7as. A professora Maria do Carmo conta que muitas alunas chegam sem experi\u00eancia e descobrem, ao longo do curso, habilidades que n\u00e3o imaginavam possuir.<\/p>\n\n\n\n<p>\u201cMuitas chegam aqui sem conhecimento algum e procuram o curso tamb\u00e9m por quest\u00f5es de sa\u00fade. Nas aulas, elas v\u00e3o se encantando como pessoas, porque nunca imaginaram que seriam capazes de produzir algo como o que aprendem aqui\u201d.<\/p>\n\n\n\n<figure class=\"wp-block-gallery has-nested-images columns-default is-cropped wp-block-gallery-1 is-layout-flex wp-block-gallery-is-layout-flex\">\n<figure class=\"wp-block-image size-large\"><img fetchpriority=\"high\" decoding=\"async\" width=\"1024\" height=\"690\" data-id=\"168206\" src=\"https:\/\/cdn.campogrande.ms.gov.br\/portal\/prod\/uploads\/sites\/3\/2026\/09\/RENA_JEANS_FAC_BURITI_melhorada-1024x690.jpeg\" alt=\"\" class=\"wp-image-168206\" srcset=\"https:\/\/cdn.campogrande.ms.gov.br\/portal\/prod\/uploads\/sites\/3\/2026\/09\/RENA_JEANS_FAC_BURITI_melhorada-1024x690.jpeg 1024w, https:\/\/cdn.campogrande.ms.gov.br\/portal\/prod\/uploads\/sites\/3\/2026\/09\/RENA_JEANS_FAC_BURITI_melhorada-300x202.jpeg 300w, https:\/\/cdn.campogrande.ms.gov.br\/portal\/prod\/uploads\/sites\/3\/2026\/09\/RENA_JEANS_FAC_BURITI_melhorada-768x517.jpeg 768w, https:\/\/cdn.campogrande.ms.gov.br\/portal\/prod\/uploads\/sites\/3\/2026\/09\/RENA_JEANS_FAC_BURITI_melhorada-1536x1035.jpeg 1536w, https:\/\/cdn.campogrande.ms.gov.br\/portal\/prod\/uploads\/sites\/3\/2026\/09\/RENA_JEANS_FAC_BURITI_melhorada-2048x1379.jpeg 2048w\" sizes=\"(max-width: 1024px) 100vw, 1024px\" \/><figcaption class=\"wp-element-caption\">Bonecos e enfeites de jeans reaproveitado, criados nas oficinas do FAC Sustent\u00e1vel.<\/figcaption><\/figure>\n<\/figure>\n\n\n\n<p>Para a enfermeira aposentada Maria Aparecida, de 61 anos, conhecer o artesanato marcou uma nova fase em sua rotina. \u201cEu descobri que estava com Alzheimer e tive come\u00e7o de depress\u00e3o. Quando eu comecei a vir para c\u00e1, eu fui melhorando. Desenvolvendo a fala, minha m\u00e3o estava perdendo os movimentos, ent\u00e3o minha vida est\u00e1 normal. Eu descobri o artesanato atrav\u00e9s do FAC; eu n\u00e3o sabia fazer nada.\u201d<\/p>\n\n\n\n<p>A possibilidade de aprender e gerar renda tamb\u00e9m faz parte da hist\u00f3ria de Nora Sousa, de 63 anos. M\u00e3e at\u00edpica, ela encontrou no artesanato uma alternativa para trabalhar em casa e conciliar a atividade com os cuidados com o filho.<\/p>\n\n\n\n<p>\u201cEu sou m\u00e3e at\u00edpica, ent\u00e3o eu n\u00e3o posso ter um servi\u00e7o extra, porque n\u00e3o tenho onde deixar meu filho. Fazendo o curso aqui no FAC, o curso \u00e9 sustent\u00e1vel; com a cal\u00e7a jeans que iria jogar fora, estou ganhando mais um pouquinho por aprender a lidar com a sustentabilidade, &#8221; explica, orgulhosa.<\/p>\n\n\n\n<p>Por meio da criatividade e do reaproveitamento, as oficinas mostram que aquilo que antes seria descartado tamb\u00e9m pode se transformar em aprendizado, novas possibilidades e fonte de renda.<\/p>\n\n\n\n<p><em>#ParaTodosVeem: A imagem de capa mostra a aluna Maria Aparecida sorrindo enquanto costura um retalho de jeans na oficina de economia criativa do FAC.<\/em><\/p>\n","protected":false},"author":310,"featured_media":168205,"template":"","meta":{"custom_icon_class":"","footnotes":""},"categories":[50],"tags":[],"class_list":["post-168204","sec-noticias","type-sec-noticias","status-publish","has-post-thumbnail","hentry","category-capacitacao"],"acf":[],"_links":{"self":[{"href":"https:\/\/www.campogrande.ms.gov.br\/cgnoticias\/wp-json\/wp\/v2\/sec-noticias\/168204"}],"collection":[{"href":"https:\/\/www.campogrande.ms.gov.br\/cgnoticias\/wp-json\/wp\/v2\/sec-noticias"}],"about":[{"href":"https:\/\/www.campogrande.ms.gov.br\/cgnoticias\/wp-json\/wp\/v2\/types\/sec-noticias"}],"author":[{"embeddable":true,"href":"https:\/\/www.campogrande.ms.gov.br\/cgnoticias\/wp-json\/wp\/v2\/users\/310"}],"version-history":[{"count":4,"href":"https:\/\/www.campogrande.ms.gov.br\/cgnoticias\/wp-json\/wp\/v2\/sec-noticias\/168204\/revisions"}],"predecessor-version":[{"id":168214,"href":"https:\/\/www.campogrande.ms.gov.br\/cgnoticias\/wp-json\/wp\/v2\/sec-noticias\/168204\/revisions\/168214"}],"wp:featuredmedia":[{"embeddable":true,"href":"https:\/\/www.campogrande.ms.gov.br\/cgnoticias\/wp-json\/wp\/v2\/media\/168205"}],"wp:attachment":[{"href":"https:\/\/www.campogrande.ms.gov.br\/cgnoticias\/wp-json\/wp\/v2\/media?parent=168204"}],"wp:term":[{"taxonomy":"category","embeddable":true,"href":"https:\/\/www.campogrande.ms.gov.br\/cgnoticias\/wp-json\/wp\/v2\/categories?post=168204"},{"taxonomy":"post_tag","embeddable":true,"href":"https:\/\/www.campogrande.ms.gov.br\/cgnoticias\/wp-json\/wp\/v2\/tags?post=168204"}],"curies":[{"name":"wp","href":"https:\/\/api.w.org\/{rel}","templated":true}]}}