{"id":168185,"date":"2026-09-03T16:17:00","date_gmt":"2026-09-03T20:17:00","guid":{"rendered":"https:\/\/www.campogrande.ms.gov.br\/cgnoticias\/?post_type=sec-noticias&#038;p=168185"},"modified":"2026-09-03T15:23:18","modified_gmt":"2026-09-03T19:23:18","slug":"com-risco-de-vendavais-defesa-civil-emite-alerta-amarelo-2","status":"publish","type":"sec-noticias","link":"https:\/\/www.campogrande.ms.gov.br\/cgnoticias\/noticia\/com-risco-de-vendavais-defesa-civil-emite-alerta-amarelo-2\/","title":{"rendered":"Com risco de vendavais, Defesa Civil emite alerta amarelo\u00a0"},"content":{"rendered":"\n<p>A Coordenadoria de Prote\u00e7\u00e3o e Defesa Civil de Campo Grande emitiu um alerta para&nbsp;amanh\u00e3 (04), a partir das 23h, sobre o risco de vendavais na Capital at\u00e9 \u00e0s 22h59 de&nbsp;s\u00e1bado&nbsp;(05).&nbsp;<\/p>\n\n\n\n<p>O alerta amarelo foi emitido pela possibilidade de fortes rajadas de vento, variando entre 40km\/h e 60km\/h. Ainda conforme o alerta, h\u00e1 risco baixo de queda de \u00e1rvores em diversas regi\u00f5es da cidade. O alerta foi feito pelo Instituto Nacional de Meteorologia (Inmet).\u00a0<\/p>\n\n\n\n<figure class=\"wp-block-image aligncenter size-large\"><img fetchpriority=\"high\" decoding=\"async\" width=\"1024\" height=\"683\" src=\"https:\/\/cdn.campogrande.ms.gov.br\/portal\/prod\/uploads\/sites\/3\/2026\/09\/image-3-1024x683.png\" alt=\"\" class=\"wp-image-168186\" srcset=\"https:\/\/cdn.campogrande.ms.gov.br\/portal\/prod\/uploads\/sites\/3\/2026\/09\/image-3-1024x683.png 1024w, https:\/\/cdn.campogrande.ms.gov.br\/portal\/prod\/uploads\/sites\/3\/2026\/09\/image-3-300x200.png 300w, https:\/\/cdn.campogrande.ms.gov.br\/portal\/prod\/uploads\/sites\/3\/2026\/09\/image-3-768x512.png 768w, https:\/\/cdn.campogrande.ms.gov.br\/portal\/prod\/uploads\/sites\/3\/2026\/09\/image-3.png 1536w\" sizes=\"(max-width: 1024px) 100vw, 1024px\" \/><figcaption class=\"wp-element-caption\">Alerta emitido pela Defesa Civil<\/figcaption><\/figure>\n\n\n\n<p>Caso seja atingido por alguma intemp\u00e9rie, o mun\u00edcipe pode acionar a Defesa Civil atrav\u00e9s do contato 199, ou solicitar servi\u00e7os, como a remo\u00e7\u00e3o de \u00e1rvores pelo 156.&nbsp;<\/p>\n\n\n\n<p>Naqueles casos em que a queda total ou parcial da \u00e1rvore aconteceu sobre a fia\u00e7\u00e3o e h\u00e1 riscos de o im\u00f3vel ou planta estar eletrificada, o contato deve ser feito ao 193.&nbsp;<\/p>\n\n\n\n<p><em>#PraTodosVerem: A imagem mostra um cen\u00e1rio de chuva na regi\u00e3o central da cidade.<\/em><\/p>\n\n\n\n<p><\/p>\n","protected":false},"author":310,"featured_media":164148,"template":"","meta":{"custom_icon_class":"","footnotes":""},"categories":[44],"tags":[],"class_list":["post-168185","sec-noticias","type-sec-noticias","status-publish","has-post-thumbnail","hentry","category-atencao"],"acf":[],"_links":{"self":[{"href":"https:\/\/www.campogrande.ms.gov.br\/cgnoticias\/wp-json\/wp\/v2\/sec-noticias\/168185"}],"collection":[{"href":"https:\/\/www.campogrande.ms.gov.br\/cgnoticias\/wp-json\/wp\/v2\/sec-noticias"}],"about":[{"href":"https:\/\/www.campogrande.ms.gov.br\/cgnoticias\/wp-json\/wp\/v2\/types\/sec-noticias"}],"author":[{"embeddable":true,"href":"https:\/\/www.campogrande.ms.gov.br\/cgnoticias\/wp-json\/wp\/v2\/users\/310"}],"version-history":[{"count":3,"href":"https:\/\/www.campogrande.ms.gov.br\/cgnoticias\/wp-json\/wp\/v2\/sec-noticias\/168185\/revisions"}],"predecessor-version":[{"id":168189,"href":"https:\/\/www.campogrande.ms.gov.br\/cgnoticias\/wp-json\/wp\/v2\/sec-noticias\/168185\/revisions\/168189"}],"wp:featuredmedia":[{"embeddable":true,"href":"https:\/\/www.campogrande.ms.gov.br\/cgnoticias\/wp-json\/wp\/v2\/media\/164148"}],"wp:attachment":[{"href":"https:\/\/www.campogrande.ms.gov.br\/cgnoticias\/wp-json\/wp\/v2\/media?parent=168185"}],"wp:term":[{"taxonomy":"category","embeddable":true,"href":"https:\/\/www.campogrande.ms.gov.br\/cgnoticias\/wp-json\/wp\/v2\/categories?post=168185"},{"taxonomy":"post_tag","embeddable":true,"href":"https:\/\/www.campogrande.ms.gov.br\/cgnoticias\/wp-json\/wp\/v2\/tags?post=168185"}],"curies":[{"name":"wp","href":"https:\/\/api.w.org\/{rel}","templated":true}]}}