{"id":168181,"date":"2026-09-03T15:21:28","date_gmt":"2026-09-03T19:21:28","guid":{"rendered":"https:\/\/www.campogrande.ms.gov.br\/cgnoticias\/?post_type=sec-noticias&#038;p=168181"},"modified":"2026-09-03T16:07:46","modified_gmt":"2026-09-03T20:07:46","slug":"interdicoes-alteram-transito-em-quatro-pontos-nesta-sexta-4","status":"publish","type":"sec-noticias","link":"https:\/\/www.campogrande.ms.gov.br\/cgnoticias\/noticia\/interdicoes-alteram-transito-em-quatro-pontos-nesta-sexta-4\/","title":{"rendered":"Interdi\u00e7\u00f5es alteram tr\u00e2nsito em quatro pontos nesta sexta (4)"},"content":{"rendered":"\n<p>Motoristas devem ficar atentos \u00e0s interdi\u00e7\u00f5es programadas para esta sexta-feira (4) em diferentes pontos de Campo Grande. Os bloqueios ocorrem para a realiza\u00e7\u00e3o de obras de sinaliza\u00e7\u00e3o vi\u00e1ria, desfile c\u00edvico, inaugura\u00e7\u00e3o e congresso religioso.<\/p>\n\n\n\n<p>No Centro, a Rua Alagoas ficar\u00e1 interditada entre as ruas Euclides da Cunha e Manoel In\u00e1cio de Souza, das 7h \u00e0s 18h. A interven\u00e7\u00e3o, que come\u00e7ou nesta quinta-feira (3), segue at\u00e9 sexta-feira (4) para a execu\u00e7\u00e3o de obras de sinaliza\u00e7\u00e3o vi\u00e1ria. Como alternativa, os motoristas podem utilizar as ruas Euclides da Cunha e Manoel In\u00e1cio de Souza.<\/p>\n\n\n\n<p>Tamb\u00e9m no Centro, a Rua Itiquira, entre as ruas Ant\u00f4nio Maria Coelho e Manoel In\u00e1cio de Souza, ter\u00e1 bloqueio das 15h \u00e0s 17h30 para a realiza\u00e7\u00e3o de um desfile c\u00edvico. Durante o per\u00edodo, a orienta\u00e7\u00e3o \u00e9 utilizar as ruas Ant\u00f4nio Maria Coelho e Manoel In\u00e1cio de Souza.<\/p>\n\n\n\n<p>Na Regi\u00e3o do Segredo, a Rua Guilherme de Almeida, entre as ruas Cl\u00e1udio Manoel Costa e Alberto da Veiga, ficar\u00e1 interditada das 7h30 desta sexta-feira (4) at\u00e9 as 23h59 de s\u00e1bado (5), em raz\u00e3o da inaugura\u00e7\u00e3o da Casa Clube G\u00e1rgulas MC. O acesso local ser\u00e1 mantido.<\/p>\n\n\n\n<p>J\u00e1 na Regi\u00e3o do Anhanduizinho, a Rua Bar\u00e3o de Limeira, entre a Avenida Gury Marques e a Rua Visconde de Cair\u00fa, ser\u00e1 interditada das 18h \u00e0s 22h desta sexta-feira (4). O bloqueio tamb\u00e9m ocorrer\u00e1 no s\u00e1bado (5) e domingo (6), no mesmo hor\u00e1rio, para a realiza\u00e7\u00e3o de um congresso religioso. Como rota alternativa, os motoristas podem utilizar a Avenida Gury Marques e a Rua Visconde de Cair\u00fa.<\/p>\n\n\n\n<p>A orienta\u00e7\u00e3o \u00e9 que os condutores redobrem a aten\u00e7\u00e3o ao passar pelas regi\u00f5es interditadas, respeitem a sinaliza\u00e7\u00e3o e, sempre que poss\u00edvel, programem rotas alternativas para evitar congestionamentos.<\/p>\n","protected":false},"author":310,"featured_media":163622,"template":"","meta":{"custom_icon_class":"","footnotes":""},"categories":[39],"tags":[],"class_list":["post-168181","sec-noticias","type-sec-noticias","status-publish","has-post-thumbnail","hentry","category-transito"],"acf":[],"_links":{"self":[{"href":"https:\/\/www.campogrande.ms.gov.br\/cgnoticias\/wp-json\/wp\/v2\/sec-noticias\/168181"}],"collection":[{"href":"https:\/\/www.campogrande.ms.gov.br\/cgnoticias\/wp-json\/wp\/v2\/sec-noticias"}],"about":[{"href":"https:\/\/www.campogrande.ms.gov.br\/cgnoticias\/wp-json\/wp\/v2\/types\/sec-noticias"}],"author":[{"embeddable":true,"href":"https:\/\/www.campogrande.ms.gov.br\/cgnoticias\/wp-json\/wp\/v2\/users\/310"}],"version-history":[{"count":3,"href":"https:\/\/www.campogrande.ms.gov.br\/cgnoticias\/wp-json\/wp\/v2\/sec-noticias\/168181\/revisions"}],"predecessor-version":[{"id":168199,"href":"https:\/\/www.campogrande.ms.gov.br\/cgnoticias\/wp-json\/wp\/v2\/sec-noticias\/168181\/revisions\/168199"}],"wp:featuredmedia":[{"embeddable":true,"href":"https:\/\/www.campogrande.ms.gov.br\/cgnoticias\/wp-json\/wp\/v2\/media\/163622"}],"wp:attachment":[{"href":"https:\/\/www.campogrande.ms.gov.br\/cgnoticias\/wp-json\/wp\/v2\/media?parent=168181"}],"wp:term":[{"taxonomy":"category","embeddable":true,"href":"https:\/\/www.campogrande.ms.gov.br\/cgnoticias\/wp-json\/wp\/v2\/categories?post=168181"},{"taxonomy":"post_tag","embeddable":true,"href":"https:\/\/www.campogrande.ms.gov.br\/cgnoticias\/wp-json\/wp\/v2\/tags?post=168181"}],"curies":[{"name":"wp","href":"https:\/\/api.w.org\/{rel}","templated":true}]}}