{"id":168172,"date":"2026-09-03T12:26:00","date_gmt":"2026-09-03T16:26:00","guid":{"rendered":"https:\/\/www.campogrande.ms.gov.br\/cgnoticias\/?post_type=sec-noticias&#038;p=168172"},"modified":"2026-09-03T14:50:05","modified_gmt":"2026-09-03T18:50:05","slug":"maes-atipicas-aprendem-croche-em-capacitacao-da-escap","status":"publish","type":"sec-noticias","link":"https:\/\/www.campogrande.ms.gov.br\/cgnoticias\/noticia\/maes-atipicas-aprendem-croche-em-capacitacao-da-escap\/","title":{"rendered":"M\u00e3es at\u00edpicas aprendem croch\u00ea em capacita\u00e7\u00e3o da Escap"},"content":{"rendered":"\n<p>Nesta semana, 20 m\u00e3es at\u00edpicas conclu\u00edram uma capacita\u00e7\u00e3o em croch\u00ea promovida pela Escola de Capacita\u00e7\u00e3o para Mulheres (Escap), da Secretaria Executiva da Mulher (Semu) de Campo Grande. A atividade foi encerrada com a entrega de certificados \u00e0s participantes, no N\u00facleo de Assist\u00eancia Social (NAS) do Centro de Educa\u00e7\u00e3o Especial Girassol, na Vila Santa Branca.<\/p>\n\n\n\n<p>A oficina ensinou t\u00e9cnicas de croch\u00ea em pano de prato que podem ser utilizadas tanto como passatempo e terapia quanto como oportunidade para complementar a renda familiar. A a\u00e7\u00e3o foi realizada a partir de uma demanda apresentada pelas pr\u00f3prias mulheres atendidas no espa\u00e7o.<\/p>\n\n\n\n<p>\u201cQuando a gente chega a um territ\u00f3rio, primeiro escuta quem est\u00e1 ali. A partir dessa escuta, entendemos quais s\u00e3o os interesses e as necessidades daquela comunidade e levamos a capacita\u00e7\u00e3o adequada. Aqui, foram as pr\u00f3prias m\u00e3es que pediram o curso de croch\u00ea, e \u00e9 justamente esse olhar que queremos fortalecer: oferecer oportunidades que fa\u00e7am sentido para a realidade de cada mulher\u201d, explica a secret\u00e1ria executiva da Mulher, Ang\u00e9lica Fontanari.<\/p>\n\n\n\n<p>A coordenadora da Escap, Rafaela Maia, destaca que a escolha dos cursos parte justamente desse di\u00e1logo com os locais que recebem as capacita\u00e7\u00f5es.<\/p>\n\n\n\n<p>\u201cO primeiro contato \u00e9 com a lideran\u00e7a ou o respons\u00e1vel pelo local que quer oferecer a capacita\u00e7\u00e3o aos seus assistidos. N\u00f3s fazemos uma visita, estudamos o cen\u00e1rio e identificamos, naquele encontro, qual curso a comunidade tem interesse em fazer. N\u00e3o adianta chegar com uma capacita\u00e7\u00e3o que n\u00e3o desperta interesse. A Escap tem esse olhar de justi\u00e7a social e equidade, atendendo de acordo com a realidade e a necessidade de cada comunidade. Neste caso, foram as m\u00e3es que pediram o croch\u00ea, e n\u00f3s providenciamos\u201d, afirma.<\/p>\n\n\n\n<p>\u00c0 frente da oficina esteve a professora volunt\u00e1ria Suelem Mary da Silva, respons\u00e1vel por ensinar desde os primeiros pontos at\u00e9 a confec\u00e7\u00e3o dos detalhes que d\u00e3o acabamento aos panos de prato.<\/p>\n\n\n\n<figure class=\"wp-block-gallery has-nested-images columns-default is-cropped wp-block-gallery-1 is-layout-flex wp-block-gallery-is-layout-flex\">\n<figure class=\"wp-block-image size-large\"><img fetchpriority=\"high\" decoding=\"async\" width=\"1024\" height=\"768\" data-id=\"168173\" src=\"https:\/\/cdn.campogrande.ms.gov.br\/portal\/prod\/uploads\/sites\/3\/2026\/09\/WhatsApp-Image-2026-09-03-at-10.58.24-1024x768.jpeg\" alt=\"\" class=\"wp-image-168173\" srcset=\"https:\/\/cdn.campogrande.ms.gov.br\/portal\/prod\/uploads\/sites\/3\/2026\/09\/WhatsApp-Image-2026-09-03-at-10.58.24-1024x768.jpeg 1024w, https:\/\/cdn.campogrande.ms.gov.br\/portal\/prod\/uploads\/sites\/3\/2026\/09\/WhatsApp-Image-2026-09-03-at-10.58.24-300x225.jpeg 300w, https:\/\/cdn.campogrande.ms.gov.br\/portal\/prod\/uploads\/sites\/3\/2026\/09\/WhatsApp-Image-2026-09-03-at-10.58.24-768x576.jpeg 768w, https:\/\/cdn.campogrande.ms.gov.br\/portal\/prod\/uploads\/sites\/3\/2026\/09\/WhatsApp-Image-2026-09-03-at-10.58.24-1536x1152.jpeg 1536w, https:\/\/cdn.campogrande.ms.gov.br\/portal\/prod\/uploads\/sites\/3\/2026\/09\/WhatsApp-Image-2026-09-03-at-10.58.24.jpeg 1600w\" sizes=\"(max-width: 1024px) 100vw, 1024px\" \/><\/figure>\n<\/figure>\n\n\n\n<p>\u201cAs participantes aprendem o b\u00e1sico do croch\u00ea, como o biquinho, o ponto alto e o ponto baixo. Como o curso \u00e9 de curta dura\u00e7\u00e3o, a proposta \u00e9 oferecer uma aula simples e f\u00e1cil, para que elas consigam come\u00e7ar a desenvolver a t\u00e9cnica e, quem sabe, ganhar um dinheirinho extra\u201d, explica.<\/p>\n\n\n\n<p>Para algumas participantes, o curso tamb\u00e9m foi uma oportunidade de aprimorar uma habilidade antiga. \u00c9 o caso de Divina Pereira Maia, moradora da Vila Nh\u00e1nh\u00e1, que j\u00e1 trabalha com croch\u00ea h\u00e1 cerca de 30 anos.<\/p>\n\n\n\n<p>\u201cEu estou amando. Isso aqui \u00e9 uma oportunidade n\u00e3o s\u00f3 de trabalho, mas tamb\u00e9m para quem gosta de croch\u00ea. \u00c9 uma terapia. Eu j\u00e1 fazia h\u00e1 muitos anos e agora estou aprimorando para pegar o certificado\u201d, conta.<\/p>\n\n\n\n<p>J\u00e1 Maria Ramona Cermento Maciel, moradora do Cophavilla II e m\u00e3e at\u00edpica, soube da capacita\u00e7\u00e3o por meio do grupo do NAS. Ela j\u00e1 tinha experi\u00eancia com croch\u00ea, mas aproveitou a oportunidade para aprender novos acabamentos e, principalmente, para conviver com outras m\u00e3es.<\/p>\n\n\n\n<p>\u201cEu j\u00e1 sabia fazer tapete simples, mas esse trabalho com linha fina eu n\u00e3o sabia. E fazer amizade com o pessoal tamb\u00e9m \u00e9 muito bom. Para n\u00f3s, m\u00e3es at\u00edpicas, \u00e9 muito importante trocar ideias, conversar e ter essa conviv\u00eancia\u201d, relata.<\/p>\n\n\n\n<p>A assistente social do NAS, Vanderlaine Pereira, explica que o espa\u00e7o funciona como suporte \u00e0s fam\u00edlias atendidas pelo Centro de Educa\u00e7\u00e3o Especial Girassol, administrado pela CEDEG-Apae de Campo Grande. Para as m\u00e3es que permanecem no local durante o per\u00edodo de atendimento dos filhos, atividades como a capacita\u00e7\u00e3o representam uma oportunidade de aprendizado e conviv\u00eancia.<\/p>\n\n\n\n<p>\u201cElas aproveitam o tempo em que as crian\u00e7as est\u00e3o na escola para aprender. Algumas moram muito longe e n\u00e3o t\u00eam condi\u00e7\u00f5es de voltar para casa nesse intervalo. Ent\u00e3o, em vez de ficarem aguardando do lado de fora, elas permanecem aqui, em um espa\u00e7o pensado para elas\u201d, explica.<\/p>\n\n\n\n<p>A capacita\u00e7\u00e3o de croch\u00ea possibilitou que as participantes aproveitassem o per\u00edodo de atendimento dos filhos para desenvolver uma nova habilidade, trocar experi\u00eancias e conviver com outras mulheres, al\u00e9m de conhecerem uma t\u00e9cnica que pode se transformar em uma possibilidade de gera\u00e7\u00e3o de renda.<\/p>\n\n\n\n<p><em>#ParaTodosVeem: A imagem de capa mostra alunas do curso de croch\u00ea em pano de prato reunidas \u00e0 mesa durante a aula.<\/em><\/p>\n","protected":false},"author":310,"featured_media":168176,"template":"","meta":{"custom_icon_class":"","footnotes":""},"categories":[23],"tags":[],"class_list":["post-168172","sec-noticias","type-sec-noticias","status-publish","has-post-thumbnail","hentry","category-mulher"],"acf":[],"_links":{"self":[{"href":"https:\/\/www.campogrande.ms.gov.br\/cgnoticias\/wp-json\/wp\/v2\/sec-noticias\/168172"}],"collection":[{"href":"https:\/\/www.campogrande.ms.gov.br\/cgnoticias\/wp-json\/wp\/v2\/sec-noticias"}],"about":[{"href":"https:\/\/www.campogrande.ms.gov.br\/cgnoticias\/wp-json\/wp\/v2\/types\/sec-noticias"}],"author":[{"embeddable":true,"href":"https:\/\/www.campogrande.ms.gov.br\/cgnoticias\/wp-json\/wp\/v2\/users\/310"}],"version-history":[{"count":2,"href":"https:\/\/www.campogrande.ms.gov.br\/cgnoticias\/wp-json\/wp\/v2\/sec-noticias\/168172\/revisions"}],"predecessor-version":[{"id":168175,"href":"https:\/\/www.campogrande.ms.gov.br\/cgnoticias\/wp-json\/wp\/v2\/sec-noticias\/168172\/revisions\/168175"}],"wp:featuredmedia":[{"embeddable":true,"href":"https:\/\/www.campogrande.ms.gov.br\/cgnoticias\/wp-json\/wp\/v2\/media\/168176"}],"wp:attachment":[{"href":"https:\/\/www.campogrande.ms.gov.br\/cgnoticias\/wp-json\/wp\/v2\/media?parent=168172"}],"wp:term":[{"taxonomy":"category","embeddable":true,"href":"https:\/\/www.campogrande.ms.gov.br\/cgnoticias\/wp-json\/wp\/v2\/categories?post=168172"},{"taxonomy":"post_tag","embeddable":true,"href":"https:\/\/www.campogrande.ms.gov.br\/cgnoticias\/wp-json\/wp\/v2\/tags?post=168172"}],"curies":[{"name":"wp","href":"https:\/\/api.w.org\/{rel}","templated":true}]}}