{"id":168164,"date":"2026-09-03T13:17:59","date_gmt":"2026-09-03T17:17:59","guid":{"rendered":"https:\/\/www.campogrande.ms.gov.br\/cgnoticias\/?post_type=sec-noticias&#038;p=168164"},"modified":"2026-09-03T13:17:59","modified_gmt":"2026-09-03T17:17:59","slug":"fac-promove-curso-de-artesanato-com-foco-em-sustentabilidade-e-geracao-de-renda","status":"publish","type":"sec-noticias","link":"https:\/\/www.campogrande.ms.gov.br\/cgnoticias\/noticia\/fac-promove-curso-de-artesanato-com-foco-em-sustentabilidade-e-geracao-de-renda\/","title":{"rendered":"FAC promove curso de artesanato com foco em sustentabilidade e gera\u00e7\u00e3o de renda"},"content":{"rendered":"\n<p>O Fundo de Apoio \u00e0 Comunidade (FAC) promove, no Centro Comunit\u00e1rio do Bairro Buriti, um curso de artesanato com foco em sustentabilidade, economia circular e gera\u00e7\u00e3o de renda. Iniciada na segunda quinzena de junho, a atividade segue at\u00e9 outubro e re\u00fane cerca de 50 alunas.<\/p>\n\n\n\n<p>As aulas s\u00e3o realizadas \u00e0s segundas, quartas e sextas-feiras, das 14h \u00e0s 17h, sob orienta\u00e7\u00e3o da professora Maria do Carmo, que possui 23 anos de experi\u00eancia. Durante os encontros, as participantes aprendem a transformar materiais que seriam descartados em pe\u00e7as de artesanato, como tecidos, especialmente jeans, e embalagens.<\/p>\n\n\n\n<p>Al\u00e9m da produ\u00e7\u00e3o das pe\u00e7as, o curso aborda o reaproveitamento de res\u00edduos, os cuidados com o meio ambiente e os conceitos de economia criativa e circular. As participantes tamb\u00e9m recebem orienta\u00e7\u00f5es sobre trabalho coletivo e organiza\u00e7\u00e3o de cooperativas, ampliando as possibilidades de gera\u00e7\u00e3o de renda.<\/p>\n\n\n\n<p>Para a presidente do FAC, Adir Diniz, a proposta vai al\u00e9m do aprendizado de uma nova atividade.<\/p>\n\n\n\n<p>\u201cA economia criativa possibilita n\u00e3o apenas gera\u00e7\u00e3o de renda. Ela contribui para a economia circular, sustentabilidade, descarte de res\u00edduo e at\u00e9 mesmo para a sa\u00fade de quem aprende a fazer uma pe\u00e7a de artesanato.\u201d<\/p>\n\n\n\n<p>Segundo a professora Maria do Carmo, o curso tamb\u00e9m contribui para a autoestima das participantes. Muitas chegam \u00e0s primeiras aulas sem acreditar na pr\u00f3pria capacidade e, ao longo do processo, passam a se surpreender com o que conseguem produzir.<\/p>\n\n\n\n<p>\u201cElas est\u00e3o aprendendo n\u00e3o apenas a sustentabilidade e economia criativa. Elas cuidam da pr\u00f3pria sa\u00fade, superam depress\u00e3o e at\u00e9 praticam solidariedade e economia circular, doando pe\u00e7as de roupas que ganham para artesanato, mas que est\u00e3o em condi\u00e7\u00f5es de uso.\u201d<\/p>\n\n\n\n<figure class=\"wp-block-image size-large\"><img fetchpriority=\"high\" decoding=\"async\" width=\"1024\" height=\"685\" src=\"https:\/\/cdn.campogrande.ms.gov.br\/portal\/prod\/uploads\/sites\/3\/2026\/09\/MARIA-DO-CARMO-.-BURITI-1024x685.jpeg\" alt=\"\" class=\"wp-image-168167\" srcset=\"https:\/\/cdn.campogrande.ms.gov.br\/portal\/prod\/uploads\/sites\/3\/2026\/09\/MARIA-DO-CARMO-.-BURITI-1024x685.jpeg 1024w, https:\/\/cdn.campogrande.ms.gov.br\/portal\/prod\/uploads\/sites\/3\/2026\/09\/MARIA-DO-CARMO-.-BURITI-300x201.jpeg 300w, https:\/\/cdn.campogrande.ms.gov.br\/portal\/prod\/uploads\/sites\/3\/2026\/09\/MARIA-DO-CARMO-.-BURITI-768x514.jpeg 768w, https:\/\/cdn.campogrande.ms.gov.br\/portal\/prod\/uploads\/sites\/3\/2026\/09\/MARIA-DO-CARMO-.-BURITI-1536x1027.jpeg 1536w, https:\/\/cdn.campogrande.ms.gov.br\/portal\/prod\/uploads\/sites\/3\/2026\/09\/MARIA-DO-CARMO-.-BURITI.jpeg 1600w\" sizes=\"(max-width: 1024px) 100vw, 1024px\" \/><\/figure>\n\n\n\n<h5 class=\"wp-block-heading\">Artesanato como oportunidade<\/h5>\n\n\n\n<p>Entre as participantes est\u00e1 a aposentada Maria Aparecida, de 61 anos. Ela conta que encontrou no artesanato uma nova atividade durante um per\u00edodo delicado de sua vida.<\/p>\n\n\n\n<p>\u201cPara minha vida \u00e9 muito importante. Eu descobri que estava com Alzheimer e tive come\u00e7o de depress\u00e3o. Quando vim para o curso aqui no Buriti, eu fui melhorando. Eu descobri o artesanato por meio do FAC e estou apaixonada pelo artesanato pelo FAC.\u201d<\/p>\n\n\n\n<p>A cozinheira Carmem Carvalho, de 57 anos, tamb\u00e9m encontrou no curso uma oportunidade de gera\u00e7\u00e3o de renda. Moradora de Ribas do Rio Pardo, ela j\u00e1 produz e comercializa as pe\u00e7as que confecciona.<\/p>\n\n\n\n<p>\u201cEu estava com depress\u00e3o e vim para c\u00e1 e minha vida mudou. Vou fazendo o curso e vou vendendo as coisas. Essa semana eu vendi 900 reais e j\u00e1 tenho um monte de encomenda para fazer.\u201d<\/p>\n\n\n\n<p>Ao longo do curso, as participantes aprendem que materiais como tecidos e caixas de leite, que poderiam ser descartados, podem ganhar nova utilidade e se transformar em pe\u00e7as artesanais. A proposta une aprendizado, sustentabilidade e uma alternativa de renda para as participantes.<\/p>\n\n\n\n<figure class=\"wp-block-gallery has-nested-images columns-default is-cropped wp-block-gallery-1 is-layout-flex wp-block-gallery-is-layout-flex\">\n<figure class=\"wp-block-image size-large\"><img decoding=\"async\" width=\"1024\" height=\"685\" data-id=\"168169\" src=\"https:\/\/cdn.campogrande.ms.gov.br\/portal\/prod\/uploads\/sites\/3\/2026\/09\/ALUNA-CARMEM-CARVALHO.BURITI-1024x685.jpeg\" alt=\"\" class=\"wp-image-168169\" srcset=\"https:\/\/cdn.campogrande.ms.gov.br\/portal\/prod\/uploads\/sites\/3\/2026\/09\/ALUNA-CARMEM-CARVALHO.BURITI-1024x685.jpeg 1024w, https:\/\/cdn.campogrande.ms.gov.br\/portal\/prod\/uploads\/sites\/3\/2026\/09\/ALUNA-CARMEM-CARVALHO.BURITI-300x201.jpeg 300w, https:\/\/cdn.campogrande.ms.gov.br\/portal\/prod\/uploads\/sites\/3\/2026\/09\/ALUNA-CARMEM-CARVALHO.BURITI-768x514.jpeg 768w, https:\/\/cdn.campogrande.ms.gov.br\/portal\/prod\/uploads\/sites\/3\/2026\/09\/ALUNA-CARMEM-CARVALHO.BURITI-1536x1027.jpeg 1536w, https:\/\/cdn.campogrande.ms.gov.br\/portal\/prod\/uploads\/sites\/3\/2026\/09\/ALUNA-CARMEM-CARVALHO.BURITI.jpeg 1600w\" sizes=\"(max-width: 1024px) 100vw, 1024px\" \/><\/figure>\n\n\n\n<figure class=\"wp-block-image size-large\"><img decoding=\"async\" width=\"1024\" height=\"685\" data-id=\"168168\" src=\"https:\/\/cdn.campogrande.ms.gov.br\/portal\/prod\/uploads\/sites\/3\/2026\/09\/ALUNA-MARIA-APARECIDA-BURITI-1024x685.jpeg\" alt=\"\" class=\"wp-image-168168\" srcset=\"https:\/\/cdn.campogrande.ms.gov.br\/portal\/prod\/uploads\/sites\/3\/2026\/09\/ALUNA-MARIA-APARECIDA-BURITI-1024x685.jpeg 1024w, https:\/\/cdn.campogrande.ms.gov.br\/portal\/prod\/uploads\/sites\/3\/2026\/09\/ALUNA-MARIA-APARECIDA-BURITI-300x201.jpeg 300w, https:\/\/cdn.campogrande.ms.gov.br\/portal\/prod\/uploads\/sites\/3\/2026\/09\/ALUNA-MARIA-APARECIDA-BURITI-768x514.jpeg 768w, https:\/\/cdn.campogrande.ms.gov.br\/portal\/prod\/uploads\/sites\/3\/2026\/09\/ALUNA-MARIA-APARECIDA-BURITI-1536x1027.jpeg 1536w, https:\/\/cdn.campogrande.ms.gov.br\/portal\/prod\/uploads\/sites\/3\/2026\/09\/ALUNA-MARIA-APARECIDA-BURITI.jpeg 1600w\" sizes=\"(max-width: 1024px) 100vw, 1024px\" \/><\/figure>\n<\/figure>\n","protected":false},"author":310,"featured_media":168166,"template":"","meta":{"custom_icon_class":"","footnotes":""},"categories":[50],"tags":[],"class_list":["post-168164","sec-noticias","type-sec-noticias","status-publish","has-post-thumbnail","hentry","category-capacitacao"],"acf":[],"_links":{"self":[{"href":"https:\/\/www.campogrande.ms.gov.br\/cgnoticias\/wp-json\/wp\/v2\/sec-noticias\/168164"}],"collection":[{"href":"https:\/\/www.campogrande.ms.gov.br\/cgnoticias\/wp-json\/wp\/v2\/sec-noticias"}],"about":[{"href":"https:\/\/www.campogrande.ms.gov.br\/cgnoticias\/wp-json\/wp\/v2\/types\/sec-noticias"}],"author":[{"embeddable":true,"href":"https:\/\/www.campogrande.ms.gov.br\/cgnoticias\/wp-json\/wp\/v2\/users\/310"}],"version-history":[{"count":2,"href":"https:\/\/www.campogrande.ms.gov.br\/cgnoticias\/wp-json\/wp\/v2\/sec-noticias\/168164\/revisions"}],"predecessor-version":[{"id":168171,"href":"https:\/\/www.campogrande.ms.gov.br\/cgnoticias\/wp-json\/wp\/v2\/sec-noticias\/168164\/revisions\/168171"}],"wp:featuredmedia":[{"embeddable":true,"href":"https:\/\/www.campogrande.ms.gov.br\/cgnoticias\/wp-json\/wp\/v2\/media\/168166"}],"wp:attachment":[{"href":"https:\/\/www.campogrande.ms.gov.br\/cgnoticias\/wp-json\/wp\/v2\/media?parent=168164"}],"wp:term":[{"taxonomy":"category","embeddable":true,"href":"https:\/\/www.campogrande.ms.gov.br\/cgnoticias\/wp-json\/wp\/v2\/categories?post=168164"},{"taxonomy":"post_tag","embeddable":true,"href":"https:\/\/www.campogrande.ms.gov.br\/cgnoticias\/wp-json\/wp\/v2\/tags?post=168164"}],"curies":[{"name":"wp","href":"https:\/\/api.w.org\/{rel}","templated":true}]}}