{"id":168156,"date":"2026-09-03T10:53:49","date_gmt":"2026-09-03T14:53:49","guid":{"rendered":"https:\/\/www.campogrande.ms.gov.br\/cgnoticias\/?post_type=sec-noticias&#038;p=168156"},"modified":"2026-09-03T11:56:34","modified_gmt":"2026-09-03T15:56:34","slug":"funesp-participa-da-inauguracao-do-centro-de-desenvolvimento-do-futebol-em-ms","status":"publish","type":"sec-noticias","link":"https:\/\/www.campogrande.ms.gov.br\/cgnoticias\/noticia\/funesp-participa-da-inauguracao-do-centro-de-desenvolvimento-do-futebol-em-ms\/","title":{"rendered":"Funesp participa da inaugura\u00e7\u00e3o do Centro de Desenvolvimento do Futebol em MS"},"content":{"rendered":"\n<p>A Funda\u00e7\u00e3o Municipal de Esportes (Funesp) participou, na manh\u00e3 desta quinta-feira (3), da inaugura\u00e7\u00e3o do Centro de Desenvolvimento do Futebol, estrutura da Confedera\u00e7\u00e3o Brasileira de Futebol (CBF) em Mato Grosso do Sul. O evento marcou a entrega oficial do espa\u00e7o, que integra o legado da Copa do Mundo FIFA Brasil 2014, e tem como objetivo fomentar o desenvolvimento do futebol no Estado.<\/p>\n\n\n\n<p>A Funesp esteve representada pelo diretor-presidente, Maicon Mommad, que destacou a import\u00e2ncia da instala\u00e7\u00e3o do centro em Campo Grande para o fortalecimento do futebol, especialmente das categorias de base.<\/p>\n\n\n\n<p>O Centro de Desenvolvimento do Futebol conta com campo oficial de gramado sint\u00e9tico importado, arquibancadas, vesti\u00e1rios, ilumina\u00e7\u00e3o para jogos noturnos, \u00e1reas climatizadas e estacionamento para carros e \u00f4nibus. A estrutura foi planejada para contribuir com a forma\u00e7\u00e3o de atletas e o desenvolvimento das atividades relacionadas ao futebol em Mato Grosso do Sul.<\/p>\n\n\n\n<p>Durante a inaugura\u00e7\u00e3o, o presidente da CBF, Samir Xaud, ressaltou a expectativa de novos investimentos e oportunidades para o futebol Sul-mato-grossense.<\/p>\n\n\n\n<figure class=\"wp-block-image size-large\"><img fetchpriority=\"high\" decoding=\"async\" width=\"1024\" height=\"576\" src=\"https:\/\/cdn.campogrande.ms.gov.br\/portal\/prod\/uploads\/sites\/3\/2026\/09\/IMG_6847-1-1024x576.jpeg\" alt=\"\" class=\"wp-image-168159\" srcset=\"https:\/\/cdn.campogrande.ms.gov.br\/portal\/prod\/uploads\/sites\/3\/2026\/09\/IMG_6847-1-1024x576.jpeg 1024w, https:\/\/cdn.campogrande.ms.gov.br\/portal\/prod\/uploads\/sites\/3\/2026\/09\/IMG_6847-1-300x169.jpeg 300w, https:\/\/cdn.campogrande.ms.gov.br\/portal\/prod\/uploads\/sites\/3\/2026\/09\/IMG_6847-1-768x432.jpeg 768w, https:\/\/cdn.campogrande.ms.gov.br\/portal\/prod\/uploads\/sites\/3\/2026\/09\/IMG_6847-1-1536x864.jpeg 1536w, https:\/\/cdn.campogrande.ms.gov.br\/portal\/prod\/uploads\/sites\/3\/2026\/09\/IMG_6847-1-2048x1152.jpeg 2048w, https:\/\/cdn.campogrande.ms.gov.br\/portal\/prod\/uploads\/sites\/3\/2026\/09\/IMG_6847-1-890x500.jpeg 890w, https:\/\/cdn.campogrande.ms.gov.br\/portal\/prod\/uploads\/sites\/3\/2026\/09\/IMG_6847-1-356x200.jpeg 356w\" sizes=\"(max-width: 1024px) 100vw, 1024px\" \/><\/figure>\n\n\n\n<p>\u201cMuitas coisas boas vir\u00e3o para a regi\u00e3o. Esse \u00e9 o meu comprometimento com o presidente da Federa\u00e7\u00e3o de Mato Grosso do Sul. \u00c9 um novo momento do futebol do Estado.&nbsp;Acredito muito na evolu\u00e7\u00e3o local e no poder do futebol para transformar vidas. Aqui temos um centro de primeiro mundo, e todo esse equipamento est\u00e1 \u00e0 disposi\u00e7\u00e3o de voc\u00eas\u201d, afirma.<\/p>\n\n\n\n<p>Para Maicon Mommad, a escolha de Campo Grande para sediar o centro considera a localiza\u00e7\u00e3o estrat\u00e9gica da Capital e sua capacidade de atender grande parte da popula\u00e7\u00e3o do Estado. Segundo ele, a estrutura tamb\u00e9m representa uma oportunidade para fortalecer o trabalho desenvolvido pelos clubes e ampliar a forma\u00e7\u00e3o de novos atletas.<\/p>\n\n\n\n<p>\u201cCampo Grande foi escolhida para receber o centro, primeiro, por ser um ponto log\u00edstico mais estrat\u00e9gico e por abranger a maior parte da popula\u00e7\u00e3o do Estado. Para n\u00f3s, \u00e9 de suma import\u00e2ncia que a gente consiga, com esse Centro de Desenvolvimento do Futebol, desenvolver principalmente o futebol de base, preparar as categorias e ajudar os clubes, tanto da Capital quanto do interior, a desenvolver novos atletas, para que o futebol, principalmente o da Capital, volte a permear o cen\u00e1rio nacional\u201d, destaca.<\/p>\n\n\n\n<p>A entrega do Centro de Desenvolvimento do Futebol passa a integrar as iniciativas voltadas ao fortalecimento do futebol e \u00e0 cria\u00e7\u00e3o de melhores condi\u00e7\u00f5es para atletas, clubes e profissionais da modalidade.<\/p>\n","protected":false},"author":310,"featured_media":168158,"template":"","meta":{"custom_icon_class":"","footnotes":""},"categories":[19],"tags":[],"class_list":["post-168156","sec-noticias","type-sec-noticias","status-publish","has-post-thumbnail","hentry","category-esporte"],"acf":[],"_links":{"self":[{"href":"https:\/\/www.campogrande.ms.gov.br\/cgnoticias\/wp-json\/wp\/v2\/sec-noticias\/168156"}],"collection":[{"href":"https:\/\/www.campogrande.ms.gov.br\/cgnoticias\/wp-json\/wp\/v2\/sec-noticias"}],"about":[{"href":"https:\/\/www.campogrande.ms.gov.br\/cgnoticias\/wp-json\/wp\/v2\/types\/sec-noticias"}],"author":[{"embeddable":true,"href":"https:\/\/www.campogrande.ms.gov.br\/cgnoticias\/wp-json\/wp\/v2\/users\/310"}],"version-history":[{"count":3,"href":"https:\/\/www.campogrande.ms.gov.br\/cgnoticias\/wp-json\/wp\/v2\/sec-noticias\/168156\/revisions"}],"predecessor-version":[{"id":168163,"href":"https:\/\/www.campogrande.ms.gov.br\/cgnoticias\/wp-json\/wp\/v2\/sec-noticias\/168156\/revisions\/168163"}],"wp:featuredmedia":[{"embeddable":true,"href":"https:\/\/www.campogrande.ms.gov.br\/cgnoticias\/wp-json\/wp\/v2\/media\/168158"}],"wp:attachment":[{"href":"https:\/\/www.campogrande.ms.gov.br\/cgnoticias\/wp-json\/wp\/v2\/media?parent=168156"}],"wp:term":[{"taxonomy":"category","embeddable":true,"href":"https:\/\/www.campogrande.ms.gov.br\/cgnoticias\/wp-json\/wp\/v2\/categories?post=168156"},{"taxonomy":"post_tag","embeddable":true,"href":"https:\/\/www.campogrande.ms.gov.br\/cgnoticias\/wp-json\/wp\/v2\/tags?post=168156"}],"curies":[{"name":"wp","href":"https:\/\/api.w.org\/{rel}","templated":true}]}}