{"id":168129,"date":"2026-09-02T17:29:00","date_gmt":"2026-09-02T21:29:00","guid":{"rendered":"https:\/\/www.campogrande.ms.gov.br\/cgnoticias\/?post_type=sec-noticias&#038;p=168129"},"modified":"2026-09-02T16:31:51","modified_gmt":"2026-09-02T20:31:51","slug":"transito-tera-interdicoes-para-desfile-de-7-de-setembro-confira","status":"publish","type":"sec-noticias","link":"https:\/\/www.campogrande.ms.gov.br\/cgnoticias\/noticia\/transito-tera-interdicoes-para-desfile-de-7-de-setembro-confira\/","title":{"rendered":"Tr\u00e2nsito ter\u00e1 interdi\u00e7\u00f5es para Desfile de 7 de Setembro; confira"},"content":{"rendered":"\n<p>A Ag\u00eancia Municipal de Transporte e Tr\u00e2nsito (Agetran) realizar\u00e1 interdi\u00e7\u00f5es tempor\u00e1rias em vias da regi\u00e3o central de Campo Grande para a realiza\u00e7\u00e3o do Desfile C\u00edvico de 7 de Setembro.<\/p>\n\n\n\n<p>Os bloqueios come\u00e7am no domingo (6) e seguem at\u00e9 a segunda-feira (7), com hor\u00e1rios e trechos definidos conforme a programa\u00e7\u00e3o do evento.<\/p>\n\n\n\n<h4 class=\"wp-block-heading\">Domingo (6)<\/h4>\n\n\n\n<p>A partir das 10h, ser\u00e3o interditadas a Avenida Afonso Pena, entre a Avenida Cal\u00f3geras e a Rua Rui Barbosa, e a Rua 13 de Maio, entre a Rua Bar\u00e3o do Rio Branco e a Rua 15 de Novembro.<\/p>\n\n\n\n<p>Os trechos permanecer\u00e3o fechados ap\u00f3s o t\u00e9rmino do desfile para a desmontagem das estruturas e dos dispositivos utilizados no evento.<\/p>\n\n\n\n<h4 class=\"wp-block-heading\">Segunda-feira (7)<\/h4>\n\n\n\n<p>Das <strong>5h \u00e0s 13h<\/strong>, os bloqueios ocorrer\u00e3o nos seguintes trechos:<\/p>\n\n\n\n<ul class=\"wp-block-list\">\n<li>Rua 14 de Julho, entre a Rua E\u00e7a de Queiroz e a Rua Maracaju;<\/li>\n\n\n\n<li>Avenida Mato Grosso, entre a Rua Jos\u00e9 Ant\u00f4nio e a Avenida Cal\u00f3geras. Os cruzamentos com as ruas 13 de Junho, Jos\u00e9 Ant\u00f4nio, Padre Jo\u00e3o Crippa, Pedro Celestino, Rui Barbosa e com a Avenida Cal\u00f3geras permanecer\u00e3o abertos;<\/li>\n\n\n\n<li>Rua 13 de Maio, entre a Avenida Mato Grosso e a Avenida Fernando Corr\u00eaa da Costa;<\/li>\n\n\n\n<li>Avenida Fernando Corr\u00eaa da Costa, entre a Rua Rui Barbosa e a Avenida Cal\u00f3geras, no sentido Shopping Campo Grande\/Centro.<\/li>\n<\/ul>\n\n\n\n<h4 class=\"wp-block-heading\">Rotas alternativas<\/h4>\n\n\n\n<p>Durante as interdi\u00e7\u00f5es, os motoristas poder\u00e3o utilizar como alternativas a Avenida Cal\u00f3geras, Rua 14 de Julho at\u00e9 a Rua Maracaju, Rua Rui Barbosa, Rua E\u00e7a de Queiroz, Avenida Ernesto Geisel, no sentido Centro\/Shopping Campo Grande, e Rua Calarge.<\/p>\n\n\n\n<p>A Agetran orienta os condutores a planejarem os deslocamentos com anteced\u00eancia, redobrarem a aten\u00e7\u00e3o e respeitarem a sinaliza\u00e7\u00e3o nos locais de bloqueio.<\/p>\n\n\n\n<p>As medidas buscam garantir a seguran\u00e7a de participantes e espectadores e contribuir para a organiza\u00e7\u00e3o e a fluidez do tr\u00e2nsito durante o desfile.<\/p>\n\n\n\n<p><\/p>\n","protected":false},"author":310,"featured_media":165547,"template":"","meta":{"custom_icon_class":"","footnotes":""},"categories":[39],"tags":[],"class_list":["post-168129","sec-noticias","type-sec-noticias","status-publish","has-post-thumbnail","hentry","category-transito"],"acf":[],"_links":{"self":[{"href":"https:\/\/www.campogrande.ms.gov.br\/cgnoticias\/wp-json\/wp\/v2\/sec-noticias\/168129"}],"collection":[{"href":"https:\/\/www.campogrande.ms.gov.br\/cgnoticias\/wp-json\/wp\/v2\/sec-noticias"}],"about":[{"href":"https:\/\/www.campogrande.ms.gov.br\/cgnoticias\/wp-json\/wp\/v2\/types\/sec-noticias"}],"author":[{"embeddable":true,"href":"https:\/\/www.campogrande.ms.gov.br\/cgnoticias\/wp-json\/wp\/v2\/users\/310"}],"version-history":[{"count":2,"href":"https:\/\/www.campogrande.ms.gov.br\/cgnoticias\/wp-json\/wp\/v2\/sec-noticias\/168129\/revisions"}],"predecessor-version":[{"id":168134,"href":"https:\/\/www.campogrande.ms.gov.br\/cgnoticias\/wp-json\/wp\/v2\/sec-noticias\/168129\/revisions\/168134"}],"wp:featuredmedia":[{"embeddable":true,"href":"https:\/\/www.campogrande.ms.gov.br\/cgnoticias\/wp-json\/wp\/v2\/media\/165547"}],"wp:attachment":[{"href":"https:\/\/www.campogrande.ms.gov.br\/cgnoticias\/wp-json\/wp\/v2\/media?parent=168129"}],"wp:term":[{"taxonomy":"category","embeddable":true,"href":"https:\/\/www.campogrande.ms.gov.br\/cgnoticias\/wp-json\/wp\/v2\/categories?post=168129"},{"taxonomy":"post_tag","embeddable":true,"href":"https:\/\/www.campogrande.ms.gov.br\/cgnoticias\/wp-json\/wp\/v2\/tags?post=168129"}],"curies":[{"name":"wp","href":"https:\/\/api.w.org\/{rel}","templated":true}]}}