{"id":168123,"date":"2026-09-02T17:06:00","date_gmt":"2026-09-02T21:06:00","guid":{"rendered":"https:\/\/www.campogrande.ms.gov.br\/cgnoticias\/?post_type=sec-noticias&#038;p=168123"},"modified":"2026-09-02T17:15:49","modified_gmt":"2026-09-02T21:15:49","slug":"funesp-e-cbf-debatem-melhorias-para-o-futebol-da-capital","status":"publish","type":"sec-noticias","link":"https:\/\/www.campogrande.ms.gov.br\/cgnoticias\/noticia\/funesp-e-cbf-debatem-melhorias-para-o-futebol-da-capital\/","title":{"rendered":"Funesp\u00a0e CBF debatem melhorias para o futebol da Capital\u00a0\u00a0"},"content":{"rendered":"\n<p>A Funda\u00e7\u00e3o Municipal de Esportes (Funesp) debateu o fortalecimento do futebol sul-mato-grossense com o presidente da Confedera\u00e7\u00e3o Brasileira de Futebol (CBF), Samir&nbsp;Xaud. O encontro institucional ocorreu na manh\u00e3 desta quarta-feira (2), na sede da Federa\u00e7\u00e3o de Futebol de Mato Grosso do Sul (FFMS).&nbsp;<\/p>\n\n\n\n<p>O diretor-presidente, Maicon&nbsp;Mommad, e o diretor executivo, Ernani da Silva, representaram a autarquia municipal. A pauta priorizou a parceria mantida com a entidade estadual, chancelada por meio de Termo de Autoriza\u00e7\u00e3o de Uso dos est\u00e1dios Jacques da Luz e Vila Nasser para as competi\u00e7\u00f5es oficiais.&nbsp;<\/p>\n\n\n\n<p>A gest\u00e3o, a fiscaliza\u00e7\u00e3o e o agendamento desses espa\u00e7os esportivos permanecem sob total responsabilidade do munic\u00edpio. O Est\u00e1dio Jacques da Luz, situado no bairro Moreninhas, atua de forma estrat\u00e9gica para os clubes locais. O local \u00e9 o \u00fanico palco de Campo Grande com laudos e condi\u00e7\u00f5es pr\u00e1ticas para sediar partidas profissionais.&nbsp;<\/p>\n\n\n\n<p>\u201c\u00c9 uma alegria imensa para Campo Grande poder receber o presidente da CBF. \u00c9 muito importante para a nossa Capital poder receber autoridades, principalmente os representantes das confedera\u00e7\u00f5es e das federa\u00e7\u00f5es, para que a gente possa construir uma pol\u00edtica p\u00fablica mais s\u00f3lida, n\u00e3o s\u00f3 em n\u00edvel municipal, mas tamb\u00e9m a n\u00edvel nacional\u201d, destacou Maicon&nbsp;Mommad.&nbsp;<\/p>\n\n\n\n<p>O gestor enfatizou a necessidade de trocar experi\u00eancias e atrair novos conhecimentos para estruturar a\u00e7\u00f5es voltadas \u00e0 comunidade.&nbsp;<\/p>\n\n\n\n<p>\u201cN\u00f3s trazemos a\u00ed a experi\u00eancia de um gestor em n\u00edvel nacional, que vem para lan\u00e7ar uma obra, que \u00e9 um legado da Copa do Mundo de 2014. Mas, al\u00e9m disso, vem para construir pontes&nbsp;e tamb\u00e9m&nbsp;para aprimorarmos a constru\u00e7\u00e3o das pol\u00edticas p\u00fablicas\u201d, afirmou.&nbsp;<\/p>\n\n\n\n<p>As agendas oficiais continuar\u00e3o na manh\u00e3 desta quinta-feira (3). A&nbsp;Funesp&nbsp;participar\u00e1 da inaugura\u00e7\u00e3o do Centro de Desenvolvimento do Futebol, marcada para as 8h30. O novo espa\u00e7o esportivo fica na Avenida Tamandar\u00e9, n\u00famero 11.297, na regi\u00e3o da Vila Nasser.&nbsp;<\/p>\n\n\n\n<p><\/p>\n","protected":false},"author":310,"featured_media":168124,"template":"","meta":{"custom_icon_class":"","footnotes":""},"categories":[19],"tags":[],"class_list":["post-168123","sec-noticias","type-sec-noticias","status-publish","has-post-thumbnail","hentry","category-esporte"],"acf":[],"_links":{"self":[{"href":"https:\/\/www.campogrande.ms.gov.br\/cgnoticias\/wp-json\/wp\/v2\/sec-noticias\/168123"}],"collection":[{"href":"https:\/\/www.campogrande.ms.gov.br\/cgnoticias\/wp-json\/wp\/v2\/sec-noticias"}],"about":[{"href":"https:\/\/www.campogrande.ms.gov.br\/cgnoticias\/wp-json\/wp\/v2\/types\/sec-noticias"}],"author":[{"embeddable":true,"href":"https:\/\/www.campogrande.ms.gov.br\/cgnoticias\/wp-json\/wp\/v2\/users\/310"}],"version-history":[{"count":2,"href":"https:\/\/www.campogrande.ms.gov.br\/cgnoticias\/wp-json\/wp\/v2\/sec-noticias\/168123\/revisions"}],"predecessor-version":[{"id":168126,"href":"https:\/\/www.campogrande.ms.gov.br\/cgnoticias\/wp-json\/wp\/v2\/sec-noticias\/168123\/revisions\/168126"}],"wp:featuredmedia":[{"embeddable":true,"href":"https:\/\/www.campogrande.ms.gov.br\/cgnoticias\/wp-json\/wp\/v2\/media\/168124"}],"wp:attachment":[{"href":"https:\/\/www.campogrande.ms.gov.br\/cgnoticias\/wp-json\/wp\/v2\/media?parent=168123"}],"wp:term":[{"taxonomy":"category","embeddable":true,"href":"https:\/\/www.campogrande.ms.gov.br\/cgnoticias\/wp-json\/wp\/v2\/categories?post=168123"},{"taxonomy":"post_tag","embeddable":true,"href":"https:\/\/www.campogrande.ms.gov.br\/cgnoticias\/wp-json\/wp\/v2\/tags?post=168123"}],"curies":[{"name":"wp","href":"https:\/\/api.w.org\/{rel}","templated":true}]}}