{"id":168108,"date":"2026-09-02T12:31:57","date_gmt":"2026-09-02T16:31:57","guid":{"rendered":"https:\/\/www.campogrande.ms.gov.br\/cgnoticias\/?post_type=sec-noticias&#038;p=168108"},"modified":"2026-09-02T12:31:58","modified_gmt":"2026-09-02T16:31:58","slug":"cidades-irmas-cg-e-turim-reforcam-acordo-durante-reuniao","status":"publish","type":"sec-noticias","link":"https:\/\/www.campogrande.ms.gov.br\/cgnoticias\/noticia\/cidades-irmas-cg-e-turim-reforcam-acordo-durante-reuniao\/","title":{"rendered":"Cidades Irm\u00e3s: CG e Turim\u00a0refor\u00e7am acordo durante reuni\u00e3o\u00a0"},"content":{"rendered":"\n<p>As cidades de Campo Grande e Turim, na It\u00e1lia, refor\u00e7aram, durante reuni\u00e3o na manh\u00e3 desta quarta-feira (02), o acordo de cidades irm\u00e3s firmado h\u00e1 mais de vinte anos. A parceria busca estrat\u00e9gias para trocas relacionadas ao desenvolvimento econ\u00f4mico e social dos dois munic\u00edpios.\u00a0<\/p>\n\n\n\n<p>Para a prefeita Adriane Lopes, essa \u00e9 uma oportunidade para ampliar ainda mais&nbsp;a previs\u00e3o de crescimento econ\u00f4mico na Capital. &#8220;Atualmente Campo Grande tem o PIB acima da m\u00e9dia esperada para o pa\u00eds, e estando&nbsp;em pleno crescimento&nbsp;e expans\u00e3o. N\u00f3s estamos nessa busca de novas conex\u00f5es com cidades industrializadas, como \u00e9 o caso de Turim&#8221;, comenta.&nbsp;<\/p>\n\n\n\n<p>Ela lembra que essa parceria&nbsp;amplia o alcance de novas alian\u00e7as e crescimento do parque industrial da Capital. &#8220;Hoje n\u00f3s estamos no centro da Rota Bioce\u00e2nica,&nbsp;e&nbsp;queremos estreitar o contato com a Europa para fortalecer a chegada de ind\u00fastrias na cidade&#8221;.&nbsp;<\/p>\n\n\n\n<figure class=\"wp-block-image aligncenter size-large\"><img fetchpriority=\"high\" decoding=\"async\" width=\"1024\" height=\"681\" src=\"https:\/\/cdn.campogrande.ms.gov.br\/portal\/prod\/uploads\/sites\/3\/2026\/09\/WhatsApp-Image-2026-09-02-at-11.56.48-1024x681.jpeg\" alt=\"\" class=\"wp-image-168109\" srcset=\"https:\/\/cdn.campogrande.ms.gov.br\/portal\/prod\/uploads\/sites\/3\/2026\/09\/WhatsApp-Image-2026-09-02-at-11.56.48-1024x681.jpeg 1024w, https:\/\/cdn.campogrande.ms.gov.br\/portal\/prod\/uploads\/sites\/3\/2026\/09\/WhatsApp-Image-2026-09-02-at-11.56.48-300x200.jpeg 300w, https:\/\/cdn.campogrande.ms.gov.br\/portal\/prod\/uploads\/sites\/3\/2026\/09\/WhatsApp-Image-2026-09-02-at-11.56.48-768x511.jpeg 768w, https:\/\/cdn.campogrande.ms.gov.br\/portal\/prod\/uploads\/sites\/3\/2026\/09\/WhatsApp-Image-2026-09-02-at-11.56.48-1536x1021.jpeg 1536w, https:\/\/cdn.campogrande.ms.gov.br\/portal\/prod\/uploads\/sites\/3\/2026\/09\/WhatsApp-Image-2026-09-02-at-11.56.48.jpeg 1600w\" sizes=\"(max-width: 1024px) 100vw, 1024px\" \/><figcaption class=\"wp-element-caption\">Prefeito de Turim, Stefano Lo Rosso, Prefeita Adriane Lopes, e a vice-prefeita Camilla Nascimento (Foto: Roberto Ajala)<\/figcaption><\/figure>\n\n\n\n<p>Durante a reuni\u00e3o, o prefeito de Turim, Stefano&nbsp;Lo&nbsp;Russo, comentou sobre a&nbsp;oportunidade para o crescimento de empresas italianas aqui no pa\u00eds. &#8220;Quando a gente escuta falar sobre&nbsp;o Brasil, muito se houve sobre S\u00e3o Paulo e outros estados, pouco se escuta sobre Mato Grosso do Sul. Esse \u00e9 um cen\u00e1rio ainda pouco explorado pela It\u00e1lia e demais&nbsp;pa\u00edses europeus&#8221;,&nbsp;lembra.&nbsp;<\/p>\n\n\n\n<p>Para ele, as oportunidades de expans\u00e3o para nesta regi\u00e3o do pa\u00eds fortalecem ainda mais o acordo firmado em 2003.&nbsp;Refor\u00e7ando a ideia, Adriane ainda comentou que a Capital \u00e9 a segunda cidade do estado em produ\u00e7\u00e3o e exporta\u00e7\u00e3o de gr\u00e3os e celulose, e o objetivo&nbsp;\u00e9 que essa mat\u00e9ria prima seja processada ainda na cidade, gerando maior valor aos produtos comercializados.&nbsp;<\/p>\n\n\n\n<p><strong>Presen\u00e7a italiana em Campo Grande<\/strong>&nbsp;<\/p>\n\n\n\n<p>Lo&nbsp;Russo comenta que, em sua primeira visita \u00e0 Campo Grande, h\u00e1 mais de 20 anos, tem percebido significativas mudan\u00e7as no munic\u00edpio. &#8220;Como prefeito, sempre que vamos a outras cidades, avaliamos como o local \u00e9, e \u00e9&nbsp;not\u00f3rio, principalmente, quando se trata&nbsp;de seguran\u00e7a, organiza\u00e7\u00e3o e moderniza\u00e7\u00e3o, as mudan\u00e7as vividas por aqui&#8221;.&nbsp;<\/p>\n\n\n\n<p>Ele ainda lembra que desde ent\u00e3o, cerca de mil italianos vieram para a&nbsp;capital para trabalhos volunt\u00e1rios no Hospital S\u00e3o Juli\u00e3o. Tamb\u00e9m presente na reuni\u00e3o, o c\u00f4nsul-geral da It\u00e1lia no Brasil, Mauro&nbsp;Campanela, lembrou que, somente no estado, s\u00e3o mais de 3,5&nbsp;mil italianos residentes.&nbsp;<\/p>\n\n\n\n<p><em>#PraTodosVerem: A imagem mostra a reuni\u00e3o entre representantes de Turim, na It\u00e1lia, e de Campo Grande, acontecendo<\/em><\/p>\n","protected":false},"author":310,"featured_media":168110,"template":"","meta":{"custom_icon_class":"","footnotes":""},"categories":[27],"tags":[],"class_list":["post-168108","sec-noticias","type-sec-noticias","status-publish","has-post-thumbnail","hentry","category-desenvolvimento"],"acf":[],"_links":{"self":[{"href":"https:\/\/www.campogrande.ms.gov.br\/cgnoticias\/wp-json\/wp\/v2\/sec-noticias\/168108"}],"collection":[{"href":"https:\/\/www.campogrande.ms.gov.br\/cgnoticias\/wp-json\/wp\/v2\/sec-noticias"}],"about":[{"href":"https:\/\/www.campogrande.ms.gov.br\/cgnoticias\/wp-json\/wp\/v2\/types\/sec-noticias"}],"author":[{"embeddable":true,"href":"https:\/\/www.campogrande.ms.gov.br\/cgnoticias\/wp-json\/wp\/v2\/users\/310"}],"version-history":[{"count":2,"href":"https:\/\/www.campogrande.ms.gov.br\/cgnoticias\/wp-json\/wp\/v2\/sec-noticias\/168108\/revisions"}],"predecessor-version":[{"id":168113,"href":"https:\/\/www.campogrande.ms.gov.br\/cgnoticias\/wp-json\/wp\/v2\/sec-noticias\/168108\/revisions\/168113"}],"wp:featuredmedia":[{"embeddable":true,"href":"https:\/\/www.campogrande.ms.gov.br\/cgnoticias\/wp-json\/wp\/v2\/media\/168110"}],"wp:attachment":[{"href":"https:\/\/www.campogrande.ms.gov.br\/cgnoticias\/wp-json\/wp\/v2\/media?parent=168108"}],"wp:term":[{"taxonomy":"category","embeddable":true,"href":"https:\/\/www.campogrande.ms.gov.br\/cgnoticias\/wp-json\/wp\/v2\/categories?post=168108"},{"taxonomy":"post_tag","embeddable":true,"href":"https:\/\/www.campogrande.ms.gov.br\/cgnoticias\/wp-json\/wp\/v2\/tags?post=168108"}],"curies":[{"name":"wp","href":"https:\/\/api.w.org\/{rel}","templated":true}]}}