{"id":168090,"date":"2026-09-02T08:27:00","date_gmt":"2026-09-02T12:27:00","guid":{"rendered":"https:\/\/www.campogrande.ms.gov.br\/cgnoticias\/?post_type=sec-noticias&#038;p=168090"},"modified":"2026-09-02T12:32:24","modified_gmt":"2026-09-02T16:32:24","slug":"semu-abre-inscricoes-para-curso-de-comunicacao-e-oratoria","status":"publish","type":"sec-noticias","link":"https:\/\/www.campogrande.ms.gov.br\/cgnoticias\/noticia\/semu-abre-inscricoes-para-curso-de-comunicacao-e-oratoria\/","title":{"rendered":"Semu abre inscri\u00e7\u00f5es para curso de comunica\u00e7\u00e3o e orat\u00f3ria"},"content":{"rendered":"\n<p>A Prefeitura de Campo Grande, por meio da Secretaria Executiva da Mulher (Semu), est\u00e1 com inscri\u00e7\u00f5es abertas para o curso \u201cMulheres com Presen\u00e7a \u2013 Comunica\u00e7\u00e3o, Orat\u00f3ria e Postura\u201d, que ser\u00e1 realizado de 14 a 16 de setembro, das 19h \u00e0s 21h, na sede da Semu, no Centro da Capital. A iniciativa busca fortalecer a comunica\u00e7\u00e3o, a autoconfian\u00e7a e a presen\u00e7a das mulheres em diferentes espa\u00e7os de conviv\u00eancia, trabalho e lideran\u00e7a.<\/p>\n\n\n\n<p>&nbsp;Durante os tr\u00eas dias de forma\u00e7\u00e3o, as participantes ter\u00e3o acesso a conte\u00fados e orienta\u00e7\u00f5es voltados ao desenvolvimento da comunica\u00e7\u00e3o verbal e n\u00e3o verbal, t\u00e9cnicas de orat\u00f3ria e postura. A proposta \u00e9 oferecer ferramentas que contribuam para que as mulheres se expressem com mais seguran\u00e7a, clareza e assertividade.<\/p>\n\n\n\n<p>A comunica\u00e7\u00e3o \u00e9 uma habilidade importante tanto para a vida profissional quanto para as rela\u00e7\u00f5es pessoais e sociais. Saber organizar ideias, falar em p\u00fablico e utilizar a postura de forma adequada pode ampliar oportunidades e fortalecer a participa\u00e7\u00e3o feminina em espa\u00e7os de decis\u00e3o.<\/p>\n\n\n\n<p>Para a Semu, a\u00e7\u00f5es de forma\u00e7\u00e3o como essa contribuem para o desenvolvimento da autonomia e do protagonismo das mulheres, oferecendo conhecimento pr\u00e1tico que pode ser aplicado no dia a dia.<\/p>\n\n\n\n<p>O curso tamb\u00e9m representa uma oportunidade de troca de experi\u00eancias entre as participantes, estimulando o aprendizado coletivo e a constru\u00e7\u00e3o de redes de apoio.<\/p>\n\n\n\n<p><strong>Servi\u00e7o<\/strong><br><br>Curso Mulheres com Presen\u00e7a \u2013 Comunica\u00e7\u00e3o, Orat\u00f3ria e Postura<br><strong>Data<\/strong>: 14 a 16 de setembro<br><strong>Hor\u00e1rio<\/strong>: das 19h \u00e0s 21h<br><strong>Local<\/strong>: Secretaria Executiva da Mulher (Semu)<br><strong>Endere\u00e7o<\/strong>: Rua 15 de Novembro, 1.373, Centro \u2013 Campo Grande<br><strong>Inscri\u00e7\u00f5es pelo Whatsapp : <\/strong>67 983617879<\/p>\n\n\n\n<p><\/p>\n","protected":false},"author":310,"featured_media":168091,"template":"","meta":{"custom_icon_class":"","footnotes":""},"categories":[50],"tags":[],"class_list":["post-168090","sec-noticias","type-sec-noticias","status-publish","has-post-thumbnail","hentry","category-capacitacao"],"acf":[],"_links":{"self":[{"href":"https:\/\/www.campogrande.ms.gov.br\/cgnoticias\/wp-json\/wp\/v2\/sec-noticias\/168090"}],"collection":[{"href":"https:\/\/www.campogrande.ms.gov.br\/cgnoticias\/wp-json\/wp\/v2\/sec-noticias"}],"about":[{"href":"https:\/\/www.campogrande.ms.gov.br\/cgnoticias\/wp-json\/wp\/v2\/types\/sec-noticias"}],"author":[{"embeddable":true,"href":"https:\/\/www.campogrande.ms.gov.br\/cgnoticias\/wp-json\/wp\/v2\/users\/310"}],"version-history":[{"count":3,"href":"https:\/\/www.campogrande.ms.gov.br\/cgnoticias\/wp-json\/wp\/v2\/sec-noticias\/168090\/revisions"}],"predecessor-version":[{"id":168117,"href":"https:\/\/www.campogrande.ms.gov.br\/cgnoticias\/wp-json\/wp\/v2\/sec-noticias\/168090\/revisions\/168117"}],"wp:featuredmedia":[{"embeddable":true,"href":"https:\/\/www.campogrande.ms.gov.br\/cgnoticias\/wp-json\/wp\/v2\/media\/168091"}],"wp:attachment":[{"href":"https:\/\/www.campogrande.ms.gov.br\/cgnoticias\/wp-json\/wp\/v2\/media?parent=168090"}],"wp:term":[{"taxonomy":"category","embeddable":true,"href":"https:\/\/www.campogrande.ms.gov.br\/cgnoticias\/wp-json\/wp\/v2\/categories?post=168090"},{"taxonomy":"post_tag","embeddable":true,"href":"https:\/\/www.campogrande.ms.gov.br\/cgnoticias\/wp-json\/wp\/v2\/tags?post=168090"}],"curies":[{"name":"wp","href":"https:\/\/api.w.org\/{rel}","templated":true}]}}