{"id":168085,"date":"2026-09-02T10:05:12","date_gmt":"2026-09-02T14:05:12","guid":{"rendered":"https:\/\/www.campogrande.ms.gov.br\/cgnoticias\/?post_type=sec-noticias&#038;p=168085"},"modified":"2026-09-02T12:17:11","modified_gmt":"2026-09-02T16:17:11","slug":"campo-grande-recebe-ii-semana-da-construcao-civil","status":"publish","type":"sec-noticias","link":"https:\/\/www.campogrande.ms.gov.br\/cgnoticias\/noticia\/campo-grande-recebe-ii-semana-da-construcao-civil\/","title":{"rendered":"Campo Grande recebe II Semana da Constru\u00e7\u00e3o"},"content":{"rendered":"\n<p>Campo Grande recebe, entre os dias 14 e 18 de setembro, o II Workshop Semana da Constru\u00e7\u00e3o civil, evento que reunir\u00e1 profissionais, empres\u00e1rios, estudantes, gestores p\u00fablicos e representantes de institui\u00e7\u00f5es ligadas ao setor.<\/p>\n\n\n\n<p>A programa\u00e7\u00e3o abordar\u00e1 temas estrat\u00e9gicos para o desenvolvimento da constru\u00e7\u00e3o civil, como desburocratiza\u00e7\u00e3o, planejamento e gest\u00e3o de obras, engenharia de custos, desenvolvimento urbano, sustentabilidade, responsabilidade t\u00e9cnica e mercado de trabalho.<\/p>\n\n\n\n<p>As inscri\u00e7\u00f5es s\u00e3o gratuitas e j\u00e1 est\u00e3o abertas <a href=\"https:\/\/www.even3.com.br\/ii-workshop-semana-da-construcao-777655\/\" target=\"_blank\" rel=\"noreferrer noopener\">neste link<\/a>.<\/p>\n\n\n\n<p>Realizado na Faculdade SENAI da Constru\u00e7\u00e3o, o evento contar\u00e1 com palestras e mesa-redonda sobre temas diretamente relacionados ao cotidiano de profissionais e empresas da constru\u00e7\u00e3o civil e aos processos que envolvem o desenvolvimento urbano.<\/p>\n\n\n\n<p>A programa\u00e7\u00e3o inclui discuss\u00f5es sobre parcelamento do solo, diretrizes urban\u00edsticas, planejamento de obras, custos, efici\u00eancia, aprova\u00e7\u00e3o de projetos, licenciamento ambiental, Habite-se Declarat\u00f3rio, arboriza\u00e7\u00e3o urbana, sinaliza\u00e7\u00e3o vi\u00e1ria, mobilidade e viabilidade municipal.<\/p>\n\n\n\n<p>A abertura ocorre no dia 14 de setembro, \u00e0s 18h30, e segue, \u00e0s 19h30, com a palestra magna \u201cPor que os Cronogramas furam?\u201d, com Aldo D\u00f3rea Mattos, uma das refer\u00eancias nacionais em Engenharia de Custos, Planejamento de Obras e Administra\u00e7\u00e3o Contratual.<\/p>\n\n\n\n<p>Engenheiro civil, advogado e mestre em Geof\u00edsica, Aldo Mattos \u00e9 autor de diversos livros e artigos t\u00e9cnicos e possui certifica\u00e7\u00e3o Project Management Professional (PMP). \u00c9 tamb\u00e9m Fellow da AACE International e tem experi\u00eancia em projetos de grande porte no Brasil e no exterior. Sua atua\u00e7\u00e3o re\u00fane engenharia de custos, planejamento e gest\u00e3o de empreendimentos.<\/p>\n\n\n\n<p>A palestra de abertura dialoga diretamente com a proposta central desta edi\u00e7\u00e3o. O planejamento e o acompanhamento adequado do cronograma s\u00e3o ferramentas fundamentais para reduzir atrasos, controlar recursos e aumentar a efici\u00eancia na execu\u00e7\u00e3o de empreendimentos.<\/p>\n\n\n\n<h6 class=\"wp-block-heading\">Programa\u00e7\u00e3o<\/h6>\n\n\n\n<p>No dia 15 de setembro, a programa\u00e7\u00e3o come\u00e7a \u00e0s 14h, com a palestra \u201cUrbanismo em A\u00e7\u00e3o: Regras e Oportunidades do Parcelamento do Solo\u201d, seguida, \u00e0s 15h30, de \u201cAs Diretrizes Urban\u00edsticas como ferramentas do planejamento urbano municipal\u201d.<\/p>\n\n\n\n<p>\u00c0s 18h30, uma mesa-redonda re\u00fane representantes do poder p\u00fablico e do setor produtivo para discutir \u201cConstru\u00e7\u00e3o em Debate: Custos, Planejamento e Efici\u00eancia\u201d.<\/p>\n\n\n\n<p>No dia <strong>16<\/strong>, os participantes poder\u00e3o acompanhar, \u00e0s 14h, o tema \u201cAlvar\u00e1 de Constru\u00e7\u00e3o e plataforma de aprova\u00e7\u00e3o\u201d e, \u00e0s 16h, \u201cHabite-se Declarat\u00f3rio: Estudo de Casos Reais e Solu\u00e7\u00f5es Pr\u00e1ticas\u201d.<\/p>\n\n\n\n<p>A programa\u00e7\u00e3o do dia <strong>17<\/strong> ser\u00e1 dedicada a quest\u00f5es ambientais relacionadas \u00e0 constru\u00e7\u00e3o, com as palestras \u201cDo papel ao canteiro de obras: licenciamento ambiental na pr\u00e1tica\u201d e \u201cArboriza\u00e7\u00e3o Urbana na Pr\u00e1tica: Supress\u00e3o Arb\u00f3rea e Projeto de Arboriza\u00e7\u00e3o\u201d.<\/p>\n\n\n\n<p>Encerrando a Semana, no dia 18, ser\u00e3o abordados temas relacionados \u00e0 infraestrutura e mobilidade urbana, com \u201cDa aprova\u00e7\u00e3o \u00e0 entrega: Projeto de Sinaliza\u00e7\u00e3o Vi\u00e1ria\u201d, \u201cImpactos das constru\u00e7\u00f5es na mobilidade: ca\u00e7ambas e outros\u201d e \u201cViabilidade e Integra\u00e7\u00e3o: Como Funciona o Novo Integrador Municipal\u201d.<\/p>\n\n\n\n<p>A II Semana da Constru\u00e7\u00e3o Civil \u00e9 uma oportunidade de atualiza\u00e7\u00e3o t\u00e9cnica, troca de experi\u00eancias e fortalecimento do di\u00e1logo entre poder p\u00fablico, profissionais, empresas e entidades que contribuem diariamente para o desenvolvimento urbano e econ\u00f4mico de Campo Grande.<\/p>\n\n\n\n<p>Para o secret\u00e1rio municipal de Meio Ambiente, Gest\u00e3o Urbana e Desenvolvimento Econ\u00f4mico, Tur\u00edstico e Sustent\u00e1vel, <strong>Ademar Silva J\u00fanior<\/strong>, a Semana da Constru\u00e7\u00e3o Civil \u00e9 uma oportunidade para aproximar profissionais, empres\u00e1rios, estudantes e o poder p\u00fablico, promovendo a atualiza\u00e7\u00e3o t\u00e9cnica e o compartilhamento de experi\u00eancias.<\/p>\n\n\n<div class=\"wp-block-prefeitura-campogrande-quote\"><span>\u201c<\/span>\n<blockquote class=\"wp-block-quote is-layout-flow wp-block-quote-is-layout-flow\">\n<p>\u201cNesta edi\u00e7\u00e3o, vamos discutir temas que impactam diretamente a efici\u00eancia dos empreendimentos, a qualidade do planejamento e a simplifica\u00e7\u00e3o dos processos, contribuindo para um ambiente cada vez mais moderno e favor\u00e1vel ao desenvolvimento de Campo Grande\u201d.<br><\/p>\n<\/blockquote>\n<\/div>\n\n\n<h6 class=\"wp-block-heading\">Evento re\u00fane institui\u00e7\u00f5es e entidades ligadas \u00e0 constru\u00e7\u00e3o civil<\/h6>\n\n\n\n<p>O II Workshop Semana da Constru\u00e7\u00e3o Civil \u00e9 uma realiza\u00e7\u00e3o da Prefeitura de Campo Grande, por meio da Secretaria Municipal de Meio Ambiente, Gest\u00e3o Urbana e Desenvolvimento Econ\u00f4mico, Tur\u00edstico e Sustent\u00e1vel (Semades), em parceria com o Servi\u00e7o Nacional de Aprendizagem Industrial de Mato Grosso do Sul (Senai\/MS), Servi\u00e7o Brasileiro de Apoio \u00e0s Micro e Pequenas Empresas (Sebrae\/MS) e M\u00daTUA MS \u2013 Caixa de Assist\u00eancia dos Profissionais do CREA.<\/p>\n\n\n\n<p>O evento conta com a parceria e apoio da Ag\u00eancia Municipal de Meio Ambiente e Planejamento Urbano (Planurb), Ag\u00eancia Municipal de Transporte e Tr\u00e2nsito (Agetran), Conselho Regional de Engenharia e Agronomia de Mato Grosso do Sul (Crea\/MS), Conselho de Arquitetura e Urbanismo de Mato Grosso do Sul (CAU\/MS), Associa\u00e7\u00e3o dos Construtores de Mato Grosso do Sul (Acomasul), Instituto de Arquitetos do Brasil (IAB\/MS) e Instituto de Engenharia de Mato Grosso do Sul (IEMS).<\/p>\n\n\n\n<h6 class=\"wp-block-heading\">Servi\u00e7o<\/h6>\n\n\n\n<p><strong>II Semana da Constru\u00e7\u00e3o Civil<\/strong><\/p>\n\n\n\n<p><strong>Data:<\/strong> 14 a 18 de setembro<\/p>\n\n\n\n<p><strong>Local:<\/strong> Faculdade SENAI da Constru\u00e7\u00e3o<br>Av. Rachid Neder, esquina com Rua Caxias do Sul \u2013 Bairro Coronel Antonino<\/p>\n\n\n\n<p><strong>Inscri\u00e7\u00f5es gratuitas:<\/strong> <a href=\"https:\/\/www.even3.com.br\/ii-workshop-semana-da-construcao-777655\/\" target=\"_blank\" rel=\"noreferrer noopener\">clique aqui<\/a><\/p>\n\n\n\n<p><\/p>\n","protected":false},"author":310,"featured_media":168086,"template":"","meta":{"custom_icon_class":"","footnotes":""},"categories":[27],"tags":[],"class_list":["post-168085","sec-noticias","type-sec-noticias","status-publish","has-post-thumbnail","hentry","category-desenvolvimento"],"acf":[],"_links":{"self":[{"href":"https:\/\/www.campogrande.ms.gov.br\/cgnoticias\/wp-json\/wp\/v2\/sec-noticias\/168085"}],"collection":[{"href":"https:\/\/www.campogrande.ms.gov.br\/cgnoticias\/wp-json\/wp\/v2\/sec-noticias"}],"about":[{"href":"https:\/\/www.campogrande.ms.gov.br\/cgnoticias\/wp-json\/wp\/v2\/types\/sec-noticias"}],"author":[{"embeddable":true,"href":"https:\/\/www.campogrande.ms.gov.br\/cgnoticias\/wp-json\/wp\/v2\/users\/310"}],"version-history":[{"count":3,"href":"https:\/\/www.campogrande.ms.gov.br\/cgnoticias\/wp-json\/wp\/v2\/sec-noticias\/168085\/revisions"}],"predecessor-version":[{"id":168107,"href":"https:\/\/www.campogrande.ms.gov.br\/cgnoticias\/wp-json\/wp\/v2\/sec-noticias\/168085\/revisions\/168107"}],"wp:featuredmedia":[{"embeddable":true,"href":"https:\/\/www.campogrande.ms.gov.br\/cgnoticias\/wp-json\/wp\/v2\/media\/168086"}],"wp:attachment":[{"href":"https:\/\/www.campogrande.ms.gov.br\/cgnoticias\/wp-json\/wp\/v2\/media?parent=168085"}],"wp:term":[{"taxonomy":"category","embeddable":true,"href":"https:\/\/www.campogrande.ms.gov.br\/cgnoticias\/wp-json\/wp\/v2\/categories?post=168085"},{"taxonomy":"post_tag","embeddable":true,"href":"https:\/\/www.campogrande.ms.gov.br\/cgnoticias\/wp-json\/wp\/v2\/tags?post=168085"}],"curies":[{"name":"wp","href":"https:\/\/api.w.org\/{rel}","templated":true}]}}