{"id":168083,"date":"2026-09-02T07:23:00","date_gmt":"2026-09-02T11:23:00","guid":{"rendered":"https:\/\/www.campogrande.ms.gov.br\/cgnoticias\/?post_type=sec-noticias&#038;p=168083"},"modified":"2026-09-02T10:38:53","modified_gmt":"2026-09-02T14:38:53","slug":"transporte-publico-tem-horarios-alterados-em-feriado-nacional","status":"publish","type":"sec-noticias","link":"https:\/\/www.campogrande.ms.gov.br\/cgnoticias\/noticia\/transporte-publico-tem-horarios-alterados-em-feriado-nacional\/","title":{"rendered":"Transporte p\u00fablico tem hor\u00e1rios alterados em feriado nacional\u00a0"},"content":{"rendered":"\n<p>A Ag\u00eancia Municipal de Transporte e Tr\u00e2nsito (Agetran) estruturou um esquema especial de transporte p\u00fablico para o feriado do Dia da Independ\u00eancia. O plano operacional estar\u00e1 ativo nesta segunda-feira (7) para atender as necessidades de deslocamento da popula\u00e7\u00e3o de Campo Grande.&nbsp;<\/p>\n\n\n\n<p>A organiza\u00e7\u00e3o estipula diferentes cronogramas de circula\u00e7\u00e3o. As linhas 244, 322, 410, 418, 419, 422 e 424 atuar\u00e3o em fun\u00e7\u00e3o das demandas do setor industrial. J\u00e1 as rotas 515 e 522 operar\u00e3o com a escala equivalente aos s\u00e1bados. Os demais trajetos cumprir\u00e3o o quadro de hor\u00e1rios de domingos e feriados.&nbsp;<\/p>\n\n\n\n<p>O sistema contar\u00e1 com suporte log\u00edstico nos terminais Guaicurus, Moren\u00e3o, Bandeirantes, Aero Rancho, J\u00falio de Castilho, General Os\u00f3rio, Nova Bahia e H\u00e9rcules&nbsp;Maymone. Cada esta\u00e7\u00e3o manter\u00e1 quatro ve\u00edculos com tripula\u00e7\u00e3o \u00e0 disposi\u00e7\u00e3o, entre 5h e 19h, para o atendimento de solicita\u00e7\u00f5es eventuais.&nbsp;<\/p>\n\n\n\n<p>A autarquia determinou ao Cons\u00f3rcio Guaicurus o acompanhamento cont\u00ednuo da frota. A concession\u00e1ria dever\u00e1 aplicar os ajustes necess\u00e1rios ap\u00f3s os hor\u00e1rios de maior fluxo. Os per\u00edodos de aten\u00e7\u00e3o compreendem as faixas das 5h30 \u00e0s 8h30, das 10h30 \u00e0s 13h30 e das 16h \u00e0s 18h30.&nbsp;<\/p>\n\n\n\n<p>Qualquer modifica\u00e7\u00e3o na escala&nbsp;limitar\u00e1-se&nbsp;ao aumento da oferta de \u00f4nibus. A&nbsp;Agetran&nbsp;monitorar\u00e1 a opera\u00e7\u00e3o em tempo real, executando interven\u00e7\u00f5es para assegurar o funcionamento eficiente, acess\u00edvel e \u00e1gil do servi\u00e7o nos hor\u00e1rios de maior movimenta\u00e7\u00e3o.&nbsp;<\/p>\n\n\n\n<p><em>#PraTodosVerem: A imagem mostra um \u00f4nibus circulando pela cidade<\/em><\/p>\n\n\n\n<p><\/p>\n","protected":false},"author":310,"featured_media":163164,"template":"","meta":{"custom_icon_class":"","footnotes":""},"categories":[39],"tags":[],"class_list":["post-168083","sec-noticias","type-sec-noticias","status-publish","has-post-thumbnail","hentry","category-transito"],"acf":[],"_links":{"self":[{"href":"https:\/\/www.campogrande.ms.gov.br\/cgnoticias\/wp-json\/wp\/v2\/sec-noticias\/168083"}],"collection":[{"href":"https:\/\/www.campogrande.ms.gov.br\/cgnoticias\/wp-json\/wp\/v2\/sec-noticias"}],"about":[{"href":"https:\/\/www.campogrande.ms.gov.br\/cgnoticias\/wp-json\/wp\/v2\/types\/sec-noticias"}],"author":[{"embeddable":true,"href":"https:\/\/www.campogrande.ms.gov.br\/cgnoticias\/wp-json\/wp\/v2\/users\/310"}],"version-history":[{"count":3,"href":"https:\/\/www.campogrande.ms.gov.br\/cgnoticias\/wp-json\/wp\/v2\/sec-noticias\/168083\/revisions"}],"predecessor-version":[{"id":168094,"href":"https:\/\/www.campogrande.ms.gov.br\/cgnoticias\/wp-json\/wp\/v2\/sec-noticias\/168083\/revisions\/168094"}],"wp:featuredmedia":[{"embeddable":true,"href":"https:\/\/www.campogrande.ms.gov.br\/cgnoticias\/wp-json\/wp\/v2\/media\/163164"}],"wp:attachment":[{"href":"https:\/\/www.campogrande.ms.gov.br\/cgnoticias\/wp-json\/wp\/v2\/media?parent=168083"}],"wp:term":[{"taxonomy":"category","embeddable":true,"href":"https:\/\/www.campogrande.ms.gov.br\/cgnoticias\/wp-json\/wp\/v2\/categories?post=168083"},{"taxonomy":"post_tag","embeddable":true,"href":"https:\/\/www.campogrande.ms.gov.br\/cgnoticias\/wp-json\/wp\/v2\/tags?post=168083"}],"curies":[{"name":"wp","href":"https:\/\/api.w.org\/{rel}","templated":true}]}}