{"id":168077,"date":"2026-09-01T16:42:00","date_gmt":"2026-09-01T20:42:00","guid":{"rendered":"https:\/\/www.campogrande.ms.gov.br\/cgnoticias\/?post_type=sec-noticias&#038;p=168077"},"modified":"2026-09-01T15:28:33","modified_gmt":"2026-09-01T19:28:33","slug":"semu-abre-inscricoes-para-curso-de-manicure-e-pedicure-2","status":"publish","type":"sec-noticias","link":"https:\/\/www.campogrande.ms.gov.br\/cgnoticias\/noticia\/semu-abre-inscricoes-para-curso-de-manicure-e-pedicure-2\/","title":{"rendered":"Semu\u00a0abre inscri\u00e7\u00f5es para curso de manicure e pedicure\u00a0"},"content":{"rendered":"\n<p>A Prefeitura de Campo Grande, por meio da Secretaria Executiva da Mulher (Semu), est\u00e1 com inscri\u00e7\u00f5es abertas para o Curso de Manicure e Pedicure, que ser\u00e1 realizado de 14 a 17 de setembro, das 8h30 \u00e0s 11h, no&nbsp;Cras&nbsp;Val\u00e9ria Lopes da Silva, na Vila Popular.&nbsp;&nbsp;<\/p>\n\n\n\n<p>A capacita\u00e7\u00e3o oferece uma oportunidade para quem deseja aprender uma nova atividade e ampliar as possibilidades de gera\u00e7\u00e3o de renda.&nbsp;<\/p>\n\n\n\n<p>Al\u00e9m de desenvolver habilidades pr\u00e1ticas, o curso pode contribuir para a autonomia financeira das participantes, possibilitando que o conhecimento seja utilizado para atender clientes, complementar a renda familiar ou at\u00e9 mesmo iniciar um pequeno neg\u00f3cio na \u00e1rea da beleza.&nbsp;<\/p>\n\n\n\n<p>A iniciativa tamb\u00e9m estimula a qualifica\u00e7\u00e3o profissional e o empreendedorismo, apresentando \u00e0s participantes uma atividade que pode ser desenvolvida de forma aut\u00f4noma e com baixo investimento inicial.&nbsp;<\/p>\n\n\n\n<p><strong>Servi\u00e7o<\/strong>&nbsp;<\/p>\n\n\n\n<p>Curso de Manicure e Pedicure&nbsp;<br>Data: 14 a 17 de setembro&nbsp;<br>Hior\u00e1rio: 08h30 \u00e0s 11h&nbsp;<br>Local:&nbsp;Cras&nbsp;Val\u00e9ria Lopes da Silva&nbsp;<br>Endere\u00e7o: Rua&nbsp;Mar\u00e7as&nbsp;de Souza, 25 \u2013 Vila Popular&nbsp;<br>Inscri\u00e7\u00f5es: WhatsApp: 67 98131-7879.&nbsp;<\/p>\n","protected":false},"author":310,"featured_media":165675,"template":"","meta":{"custom_icon_class":"","footnotes":""},"categories":[50],"tags":[],"class_list":["post-168077","sec-noticias","type-sec-noticias","status-publish","has-post-thumbnail","hentry","category-capacitacao"],"acf":[],"_links":{"self":[{"href":"https:\/\/www.campogrande.ms.gov.br\/cgnoticias\/wp-json\/wp\/v2\/sec-noticias\/168077"}],"collection":[{"href":"https:\/\/www.campogrande.ms.gov.br\/cgnoticias\/wp-json\/wp\/v2\/sec-noticias"}],"about":[{"href":"https:\/\/www.campogrande.ms.gov.br\/cgnoticias\/wp-json\/wp\/v2\/types\/sec-noticias"}],"author":[{"embeddable":true,"href":"https:\/\/www.campogrande.ms.gov.br\/cgnoticias\/wp-json\/wp\/v2\/users\/310"}],"version-history":[{"count":2,"href":"https:\/\/www.campogrande.ms.gov.br\/cgnoticias\/wp-json\/wp\/v2\/sec-noticias\/168077\/revisions"}],"predecessor-version":[{"id":168079,"href":"https:\/\/www.campogrande.ms.gov.br\/cgnoticias\/wp-json\/wp\/v2\/sec-noticias\/168077\/revisions\/168079"}],"wp:featuredmedia":[{"embeddable":true,"href":"https:\/\/www.campogrande.ms.gov.br\/cgnoticias\/wp-json\/wp\/v2\/media\/165675"}],"wp:attachment":[{"href":"https:\/\/www.campogrande.ms.gov.br\/cgnoticias\/wp-json\/wp\/v2\/media?parent=168077"}],"wp:term":[{"taxonomy":"category","embeddable":true,"href":"https:\/\/www.campogrande.ms.gov.br\/cgnoticias\/wp-json\/wp\/v2\/categories?post=168077"},{"taxonomy":"post_tag","embeddable":true,"href":"https:\/\/www.campogrande.ms.gov.br\/cgnoticias\/wp-json\/wp\/v2\/tags?post=168077"}],"curies":[{"name":"wp","href":"https:\/\/api.w.org\/{rel}","templated":true}]}}