{"id":168067,"date":"2026-09-01T15:11:30","date_gmt":"2026-09-01T19:11:30","guid":{"rendered":"https:\/\/www.campogrande.ms.gov.br\/cgnoticias\/?post_type=sec-noticias&#038;p=168067"},"modified":"2026-09-01T15:11:31","modified_gmt":"2026-09-01T19:11:31","slug":"primt-itinerante-reune-951-participantes-em-cinco-regioes","status":"publish","type":"sec-noticias","link":"https:\/\/www.campogrande.ms.gov.br\/cgnoticias\/noticia\/primt-itinerante-reune-951-participantes-em-cinco-regioes\/","title":{"rendered":"Primt\u00a0Itinerante re\u00fane 951 participantes em cinco regi\u00f5es\u00a0\u00a0"},"content":{"rendered":"\n<p>A segunda edi\u00e7\u00e3o do&nbsp;Primt&nbsp;Itinerante (Programa de Inclus\u00e3o ao Mercado de Trabalho) reuniu 951 participantes entre os dias 24 e 31 de agosto. Ap\u00f3s a an\u00e1lise da documenta\u00e7\u00e3o e dos requisitos previstos no programa, 633 inscri\u00e7\u00f5es foram consideradas aptas para integrar o novo Cadastro Reserva, o equivalente a 66,5% do total de atendimentos.&nbsp;<\/p>\n\n\n\n<p>A a\u00e7\u00e3o foi organizada pela&nbsp;Funsat&nbsp;(Funda\u00e7\u00e3o Social do Trabalho) e passou por cinco regi\u00f5es de Campo Grande: Vila Popular, Vida Nova, Aero Rancho, Moreninhas e Jardim Canguru.&nbsp;<\/p>\n\n\n\n<p>O pr\u00f3ximo passo ser\u00e1 a publica\u00e7\u00e3o da rela\u00e7\u00e3o dos classificados no&nbsp;Diogrande. Ap\u00f3s a divulga\u00e7\u00e3o, ser\u00e1 aberto o per\u00edodo previsto para apresenta\u00e7\u00e3o de recursos pelos candidatos que n\u00e3o foram considerados aptos nesta etapa.&nbsp;<\/p>\n\n\n\n<p>Na sequ\u00eancia, ser\u00e3o publicadas no Di\u00e1rio Oficial as listas definitivas do Cadastro Reserva e dos primeiros convocados, contemplando ampla concorr\u00eancia e cotas.&nbsp;<\/p>\n\n\n\n<p><strong>Mais de 150 classificados pelas cotas<\/strong>&nbsp;<\/p>\n\n\n\n<p>Do total de 633 pessoas consideradas aptas, 481 foram classificadas pela ampla concorr\u00eancia e 152 pelas modalidades de cotas previstas no programa. Tais modalidades contemplam p\u00fablicos definidos nas regras do&nbsp;Primt, com crit\u00e9rios espec\u00edficos para cada categoria, como pessoas com defici\u00eancia f\u00edsica, mulheres v\u00edtimas de viol\u00eancia dom\u00e9stica e genitores de pessoas com&nbsp;diagn\u00f3stico de neurodiversidade.&nbsp;<\/p>\n\n\n\n<p>A forma\u00e7\u00e3o do Cadastro Reserva permite que os classificados sejam considerados em futuras convoca\u00e7\u00f5es do programa, conforme a necessidade de preenchimento de vagas e os crit\u00e9rios estabelecidos para o&nbsp;Primt.&nbsp;<\/p>\n\n\n\n<p><em>#PraTodosVerem: A imagem mostra uma mulher sendo atendida na segunda edi\u00e7\u00e3o do Primt Itinerante<\/em><\/p>\n","protected":false},"author":310,"featured_media":168068,"template":"","meta":{"custom_icon_class":"","footnotes":""},"categories":[56],"tags":[],"class_list":["post-168067","sec-noticias","type-sec-noticias","status-publish","has-post-thumbnail","hentry","category-emprego"],"acf":[],"_links":{"self":[{"href":"https:\/\/www.campogrande.ms.gov.br\/cgnoticias\/wp-json\/wp\/v2\/sec-noticias\/168067"}],"collection":[{"href":"https:\/\/www.campogrande.ms.gov.br\/cgnoticias\/wp-json\/wp\/v2\/sec-noticias"}],"about":[{"href":"https:\/\/www.campogrande.ms.gov.br\/cgnoticias\/wp-json\/wp\/v2\/types\/sec-noticias"}],"author":[{"embeddable":true,"href":"https:\/\/www.campogrande.ms.gov.br\/cgnoticias\/wp-json\/wp\/v2\/users\/310"}],"version-history":[{"count":2,"href":"https:\/\/www.campogrande.ms.gov.br\/cgnoticias\/wp-json\/wp\/v2\/sec-noticias\/168067\/revisions"}],"predecessor-version":[{"id":168070,"href":"https:\/\/www.campogrande.ms.gov.br\/cgnoticias\/wp-json\/wp\/v2\/sec-noticias\/168067\/revisions\/168070"}],"wp:featuredmedia":[{"embeddable":true,"href":"https:\/\/www.campogrande.ms.gov.br\/cgnoticias\/wp-json\/wp\/v2\/media\/168068"}],"wp:attachment":[{"href":"https:\/\/www.campogrande.ms.gov.br\/cgnoticias\/wp-json\/wp\/v2\/media?parent=168067"}],"wp:term":[{"taxonomy":"category","embeddable":true,"href":"https:\/\/www.campogrande.ms.gov.br\/cgnoticias\/wp-json\/wp\/v2\/categories?post=168067"},{"taxonomy":"post_tag","embeddable":true,"href":"https:\/\/www.campogrande.ms.gov.br\/cgnoticias\/wp-json\/wp\/v2\/tags?post=168067"}],"curies":[{"name":"wp","href":"https:\/\/api.w.org\/{rel}","templated":true}]}}