{"id":168062,"date":"2026-09-01T14:32:00","date_gmt":"2026-09-01T18:32:00","guid":{"rendered":"https:\/\/www.campogrande.ms.gov.br\/cgnoticias\/?post_type=sec-noticias&#038;p=168062"},"modified":"2026-09-01T13:15:30","modified_gmt":"2026-09-01T17:15:30","slug":"fumace-percorre-bairros-de-campo-grande-nesta-terca-feira","status":"publish","type":"sec-noticias","link":"https:\/\/www.campogrande.ms.gov.br\/cgnoticias\/noticia\/fumace-percorre-bairros-de-campo-grande-nesta-terca-feira\/","title":{"rendered":"Fumac\u00ea percorre bairros de Campo Grande nesta ter\u00e7a-feira"},"content":{"rendered":"\n<p>O combate ao mosquito Aedes aegypti, transmissor da dengue, zika e chikungunya, ser\u00e1 refor\u00e7ado nesta ter\u00e7a-feira (1\u00ba) em bairros de Campo Grande com a aplica\u00e7\u00e3o do servi\u00e7o de borrifa\u00e7\u00e3o ultrabaixo volume (UBV), conhecido como Fumac\u00ea.<\/p>\n\n\n\n<p>As equipes da Coordenadoria de Controle de Endemias Vetoriais (CCEV), da Secretaria Municipal de Sa\u00fade (Sesau), circular\u00e3o das 16h \u00e0s 22h pelas ruas dos bairros Carlota, Dr. Albuquerque e Universit\u00e1rio.<\/p>\n\n\n\n<p>Para aumentar a efic\u00e1cia da aplica\u00e7\u00e3o do inseticida, a orienta\u00e7\u00e3o aos moradores \u00e9 para que mantenham portas e janelas abertas durante a passagem dos ve\u00edculos. Dessa forma, o produto consegue alcan\u00e7ar os locais onde h\u00e1 maior probabilidade de presen\u00e7a dos mosquitos.<\/p>\n\n\n\n<p>A programa\u00e7\u00e3o pode ser adiada ou cancelada em caso de chuva, ventos fortes ou neblina, condi\u00e7\u00f5es clim\u00e1ticas que prejudicam a aplica\u00e7\u00e3o do inseticida.<\/p>\n\n\n\n<p>O produto utilizado no servi\u00e7o atinge os mosquitos adultos, principalmente as f\u00eameas, respons\u00e1veis pela transmiss\u00e3o das doen\u00e7as. Por se tratar de uma aplica\u00e7\u00e3o criteriosa, outras esp\u00e9cies tamb\u00e9m podem ser atingidas.<\/p>\n\n\n\n<p><strong>Confira o itiner\u00e1rio:<\/strong><\/p>\n\n\n\n<figure class=\"wp-block-image size-full\"><img fetchpriority=\"high\" decoding=\"async\" width=\"951\" height=\"226\" src=\"https:\/\/cdn.campogrande.ms.gov.br\/portal\/prod\/uploads\/sites\/3\/2026\/09\/image.png\" alt=\"\" class=\"wp-image-168063\" srcset=\"https:\/\/cdn.campogrande.ms.gov.br\/portal\/prod\/uploads\/sites\/3\/2026\/09\/image.png 951w, https:\/\/cdn.campogrande.ms.gov.br\/portal\/prod\/uploads\/sites\/3\/2026\/09\/image-300x71.png 300w, https:\/\/cdn.campogrande.ms.gov.br\/portal\/prod\/uploads\/sites\/3\/2026\/09\/image-768x183.png 768w\" sizes=\"(max-width: 951px) 100vw, 951px\" \/><\/figure>\n\n\n\n<p><em>#ParaTodosVeem: A imagem de destaque mostra o carro do fumac\u00ea circulando pela cidade.\u00a0<\/em><\/p>\n\n\n\n<p><\/p>\n","protected":false},"author":310,"featured_media":152159,"template":"","meta":{"custom_icon_class":"","footnotes":""},"categories":[40],"tags":[],"class_list":["post-168062","sec-noticias","type-sec-noticias","status-publish","has-post-thumbnail","hentry","category-saude"],"acf":[],"_links":{"self":[{"href":"https:\/\/www.campogrande.ms.gov.br\/cgnoticias\/wp-json\/wp\/v2\/sec-noticias\/168062"}],"collection":[{"href":"https:\/\/www.campogrande.ms.gov.br\/cgnoticias\/wp-json\/wp\/v2\/sec-noticias"}],"about":[{"href":"https:\/\/www.campogrande.ms.gov.br\/cgnoticias\/wp-json\/wp\/v2\/types\/sec-noticias"}],"author":[{"embeddable":true,"href":"https:\/\/www.campogrande.ms.gov.br\/cgnoticias\/wp-json\/wp\/v2\/users\/310"}],"version-history":[{"count":2,"href":"https:\/\/www.campogrande.ms.gov.br\/cgnoticias\/wp-json\/wp\/v2\/sec-noticias\/168062\/revisions"}],"predecessor-version":[{"id":168065,"href":"https:\/\/www.campogrande.ms.gov.br\/cgnoticias\/wp-json\/wp\/v2\/sec-noticias\/168062\/revisions\/168065"}],"wp:featuredmedia":[{"embeddable":true,"href":"https:\/\/www.campogrande.ms.gov.br\/cgnoticias\/wp-json\/wp\/v2\/media\/152159"}],"wp:attachment":[{"href":"https:\/\/www.campogrande.ms.gov.br\/cgnoticias\/wp-json\/wp\/v2\/media?parent=168062"}],"wp:term":[{"taxonomy":"category","embeddable":true,"href":"https:\/\/www.campogrande.ms.gov.br\/cgnoticias\/wp-json\/wp\/v2\/categories?post=168062"},{"taxonomy":"post_tag","embeddable":true,"href":"https:\/\/www.campogrande.ms.gov.br\/cgnoticias\/wp-json\/wp\/v2\/tags?post=168062"}],"curies":[{"name":"wp","href":"https:\/\/api.w.org\/{rel}","templated":true}]}}